{"id":11566,"date":"2023-08-18T22:20:38","date_gmt":"2023-08-18T20:20:38","guid":{"rendered":"https:\/\/alpagrumi.ch\/wieder-hagel-aber-nichts-schlimmes\/"},"modified":"2023-08-18T22:20:53","modified_gmt":"2023-08-18T20:20:53","slug":"wieder-hagel-aber-nichts-schlimmes","status":"publish","type":"post","link":"https:\/\/alpagrumi.ch\/de\/wieder-hagel-aber-nichts-schlimmes\/","title":{"rendered":"Wieder Hagel &#8230; aber nichts Schlimmes"},"content":{"rendered":"\n<p>Es wird zur Gewohnheit, dass es irgendwann im Sommer zu einem Hagelsturm kommt. In den letzten beiden Jahren war es wirklich katastrophal, dieses Mal zum Gl\u00fcck viel weniger.<\/p>\n\n<figure class=\"wp-block-video\"><video height=\"1080\" style=\"aspect-ratio: 1920 \/ 1080;\" width=\"1920\" controls=\"\" src=\"https:\/\/alpagrumi.ch\/wp-content\/uploads\/sites\/78\/2023\/08\/20230816_182436.mp4\"><\/video><\/figure>\n<figure class=\"wp-block-image size-large\"><img fetchpriority=\"high\" decoding=\"async\" width=\"1024\" height=\"768\" src=\"https:\/\/alpagrumi.ch\/wp-content\/uploads\/sites\/78\/2023\/08\/20230816_182740-1024x768.jpg\" alt=\"\" class=\"wp-image-11504\" srcset=\"https:\/\/alpagrumi.ch\/wp-content\/uploads\/sites\/78\/2023\/08\/20230816_182740-1024x768.jpg 1024w, https:\/\/alpagrumi.ch\/wp-content\/uploads\/sites\/78\/2023\/08\/20230816_182740-300x225.jpg 300w, https:\/\/alpagrumi.ch\/wp-content\/uploads\/sites\/78\/2023\/08\/20230816_182740-768x576.jpg 768w, https:\/\/alpagrumi.ch\/wp-content\/uploads\/sites\/78\/2023\/08\/20230816_182740-1536x1152.jpg 1536w, https:\/\/alpagrumi.ch\/wp-content\/uploads\/sites\/78\/2023\/08\/20230816_182740-2048x1536.jpg 2048w, https:\/\/alpagrumi.ch\/wp-content\/uploads\/sites\/78\/2023\/08\/20230816_182740-1320x990.jpg 1320w, https:\/\/alpagrumi.ch\/wp-content\/uploads\/sites\/78\/2023\/08\/20230816_182740-600x450.jpg 600w\" sizes=\"(max-width: 1024px) 100vw, 1024px\" \/><figcaption class=\"wp-element-caption\">Zentimetergro\u00dfe Eiskugeln, aber es dauerte nur f\u00fcnf Minuten.<\/figcaption><\/figure>\n<figure class=\"wp-block-image size-large\"><img decoding=\"async\" width=\"1024\" height=\"768\" src=\"https:\/\/alpagrumi.ch\/wp-content\/uploads\/sites\/78\/2023\/08\/20230817_114545-1024x768.jpg\" alt=\"\" class=\"wp-image-11508\" srcset=\"https:\/\/alpagrumi.ch\/wp-content\/uploads\/sites\/78\/2023\/08\/20230817_114545-1024x768.jpg 1024w, https:\/\/alpagrumi.ch\/wp-content\/uploads\/sites\/78\/2023\/08\/20230817_114545-300x225.jpg 300w, https:\/\/alpagrumi.ch\/wp-content\/uploads\/sites\/78\/2023\/08\/20230817_114545-768x576.jpg 768w, https:\/\/alpagrumi.ch\/wp-content\/uploads\/sites\/78\/2023\/08\/20230817_114545-1536x1152.jpg 1536w, https:\/\/alpagrumi.ch\/wp-content\/uploads\/sites\/78\/2023\/08\/20230817_114545-2048x1536.jpg 2048w, https:\/\/alpagrumi.ch\/wp-content\/uploads\/sites\/78\/2023\/08\/20230817_114545-1320x990.jpg 1320w, https:\/\/alpagrumi.ch\/wp-content\/uploads\/sites\/78\/2023\/08\/20230817_114545-600x450.jpg 600w\" sizes=\"(max-width: 1024px) 100vw, 1024px\" \/><figcaption class=\"wp-element-caption\">Kiwis (Actinidia Chinensis) litten ein wenig.<\/figcaption><\/figure>\n<figure class=\"wp-block-image size-large\"><img decoding=\"async\" width=\"1024\" height=\"768\" src=\"https:\/\/alpagrumi.ch\/wp-content\/uploads\/sites\/78\/2023\/08\/20230816_103921-1024x768.jpg\" alt=\"\" class=\"wp-image-11516\" srcset=\"https:\/\/alpagrumi.ch\/wp-content\/uploads\/sites\/78\/2023\/08\/20230816_103921-1024x768.jpg 1024w, https:\/\/alpagrumi.ch\/wp-content\/uploads\/sites\/78\/2023\/08\/20230816_103921-300x225.jpg 300w, https:\/\/alpagrumi.ch\/wp-content\/uploads\/sites\/78\/2023\/08\/20230816_103921-768x576.jpg 768w, https:\/\/alpagrumi.ch\/wp-content\/uploads\/sites\/78\/2023\/08\/20230816_103921-1536x1152.jpg 1536w, https:\/\/alpagrumi.ch\/wp-content\/uploads\/sites\/78\/2023\/08\/20230816_103921-2048x1536.jpg 2048w, https:\/\/alpagrumi.ch\/wp-content\/uploads\/sites\/78\/2023\/08\/20230816_103921-1320x990.jpg 1320w, https:\/\/alpagrumi.ch\/wp-content\/uploads\/sites\/78\/2023\/08\/20230816_103921-600x450.jpg 600w\" sizes=\"(max-width: 1024px) 100vw, 1024px\" \/><figcaption class=\"wp-element-caption\">Aber die Fr\u00fcchte sind immer noch da.<\/figcaption><\/figure>\n<figure class=\"wp-block-image size-large\"><img loading=\"lazy\" decoding=\"async\" width=\"1024\" height=\"768\" src=\"https:\/\/alpagrumi.ch\/wp-content\/uploads\/sites\/78\/2023\/08\/20230816_104053-1024x768.jpg\" alt=\"\" class=\"wp-image-11520\" srcset=\"https:\/\/alpagrumi.ch\/wp-content\/uploads\/sites\/78\/2023\/08\/20230816_104053-1024x768.jpg 1024w, https:\/\/alpagrumi.ch\/wp-content\/uploads\/sites\/78\/2023\/08\/20230816_104053-300x225.jpg 300w, https:\/\/alpagrumi.ch\/wp-content\/uploads\/sites\/78\/2023\/08\/20230816_104053-768x576.jpg 768w, https:\/\/alpagrumi.ch\/wp-content\/uploads\/sites\/78\/2023\/08\/20230816_104053-1536x1152.jpg 1536w, https:\/\/alpagrumi.ch\/wp-content\/uploads\/sites\/78\/2023\/08\/20230816_104053-2048x1536.jpg 2048w, https:\/\/alpagrumi.ch\/wp-content\/uploads\/sites\/78\/2023\/08\/20230816_104053-1320x990.jpg 1320w, https:\/\/alpagrumi.ch\/wp-content\/uploads\/sites\/78\/2023\/08\/20230816_104053-600x450.jpg 600w\" sizes=\"(max-width: 1024px) 100vw, 1024px\" \/><figcaption class=\"wp-element-caption\">Direkt daneben scheint das Spalier aus Tafeltrauben intakt zu sein. Die gr\u00f6\u00dfte Gefahr f\u00fcr diese Trauben sind eher die Siebenschl\u00e4fer.<\/figcaption><\/figure>\n<figure class=\"wp-block-image size-large\"><img loading=\"lazy\" decoding=\"async\" width=\"1024\" height=\"768\" src=\"https:\/\/alpagrumi.ch\/wp-content\/uploads\/sites\/78\/2023\/08\/20230814_121835-1024x768.jpg\" alt=\"\" class=\"wp-image-11524\" srcset=\"https:\/\/alpagrumi.ch\/wp-content\/uploads\/sites\/78\/2023\/08\/20230814_121835-1024x768.jpg 1024w, https:\/\/alpagrumi.ch\/wp-content\/uploads\/sites\/78\/2023\/08\/20230814_121835-300x225.jpg 300w, https:\/\/alpagrumi.ch\/wp-content\/uploads\/sites\/78\/2023\/08\/20230814_121835-768x576.jpg 768w, https:\/\/alpagrumi.ch\/wp-content\/uploads\/sites\/78\/2023\/08\/20230814_121835-1536x1152.jpg 1536w, https:\/\/alpagrumi.ch\/wp-content\/uploads\/sites\/78\/2023\/08\/20230814_121835-2048x1536.jpg 2048w, https:\/\/alpagrumi.ch\/wp-content\/uploads\/sites\/78\/2023\/08\/20230814_121835-1320x990.jpg 1320w, https:\/\/alpagrumi.ch\/wp-content\/uploads\/sites\/78\/2023\/08\/20230814_121835-600x450.jpg 600w\" sizes=\"(max-width: 1024px) 100vw, 1024px\" \/><figcaption class=\"wp-element-caption\">Die Goumis (Elaeagnus multiflora) hielten ebenfalls stand, aber die \u00c4ste knickten noch mehr ab.<\/figcaption><\/figure>\n<figure class=\"wp-block-image size-large\"><img loading=\"lazy\" decoding=\"async\" width=\"1024\" height=\"768\" src=\"https:\/\/alpagrumi.ch\/wp-content\/uploads\/sites\/78\/2023\/08\/20230814_113157-1024x768.jpg\" alt=\"\" class=\"wp-image-11528\" srcset=\"https:\/\/alpagrumi.ch\/wp-content\/uploads\/sites\/78\/2023\/08\/20230814_113157-1024x768.jpg 1024w, https:\/\/alpagrumi.ch\/wp-content\/uploads\/sites\/78\/2023\/08\/20230814_113157-300x225.jpg 300w, https:\/\/alpagrumi.ch\/wp-content\/uploads\/sites\/78\/2023\/08\/20230814_113157-768x576.jpg 768w, https:\/\/alpagrumi.ch\/wp-content\/uploads\/sites\/78\/2023\/08\/20230814_113157-1536x1152.jpg 1536w, https:\/\/alpagrumi.ch\/wp-content\/uploads\/sites\/78\/2023\/08\/20230814_113157-2048x1536.jpg 2048w, https:\/\/alpagrumi.ch\/wp-content\/uploads\/sites\/78\/2023\/08\/20230814_113157-1320x990.jpg 1320w, https:\/\/alpagrumi.ch\/wp-content\/uploads\/sites\/78\/2023\/08\/20230814_113157-600x450.jpg 600w\" sizes=\"(max-width: 1024px) 100vw, 1024px\" \/><figcaption class=\"wp-element-caption\">Die Guavenb\u00e4ume (Acca sellowiana) blieben unbeeindruckt.<\/figcaption><\/figure>\n<figure class=\"wp-block-image size-large\"><img loading=\"lazy\" decoding=\"async\" width=\"1024\" height=\"768\" src=\"https:\/\/alpagrumi.ch\/wp-content\/uploads\/sites\/78\/2023\/08\/20230814_113033-1024x768.jpg\" alt=\"\" class=\"wp-image-11532\" srcset=\"https:\/\/alpagrumi.ch\/wp-content\/uploads\/sites\/78\/2023\/08\/20230814_113033-1024x768.jpg 1024w, https:\/\/alpagrumi.ch\/wp-content\/uploads\/sites\/78\/2023\/08\/20230814_113033-300x225.jpg 300w, https:\/\/alpagrumi.ch\/wp-content\/uploads\/sites\/78\/2023\/08\/20230814_113033-768x576.jpg 768w, https:\/\/alpagrumi.ch\/wp-content\/uploads\/sites\/78\/2023\/08\/20230814_113033-1536x1152.jpg 1536w, https:\/\/alpagrumi.ch\/wp-content\/uploads\/sites\/78\/2023\/08\/20230814_113033-2048x1536.jpg 2048w, https:\/\/alpagrumi.ch\/wp-content\/uploads\/sites\/78\/2023\/08\/20230814_113033-1320x990.jpg 1320w, https:\/\/alpagrumi.ch\/wp-content\/uploads\/sites\/78\/2023\/08\/20230814_113033-600x450.jpg 600w\" sizes=\"(max-width: 1024px) 100vw, 1024px\" \/><figcaption class=\"wp-element-caption\">Nach zwei Jahren Ernteausfall wurden Netze \u00fcber die Weinberge gespannt.  <\/figcaption><\/figure>\n<figure class=\"wp-block-image size-large\"><img loading=\"lazy\" decoding=\"async\" width=\"1024\" height=\"768\" src=\"https:\/\/alpagrumi.ch\/wp-content\/uploads\/sites\/78\/2023\/08\/20230817_090839-1024x768.jpg\" alt=\"\" class=\"wp-image-11536\" srcset=\"https:\/\/alpagrumi.ch\/wp-content\/uploads\/sites\/78\/2023\/08\/20230817_090839-1024x768.jpg 1024w, https:\/\/alpagrumi.ch\/wp-content\/uploads\/sites\/78\/2023\/08\/20230817_090839-300x225.jpg 300w, https:\/\/alpagrumi.ch\/wp-content\/uploads\/sites\/78\/2023\/08\/20230817_090839-768x576.jpg 768w, https:\/\/alpagrumi.ch\/wp-content\/uploads\/sites\/78\/2023\/08\/20230817_090839-1536x1152.jpg 1536w, https:\/\/alpagrumi.ch\/wp-content\/uploads\/sites\/78\/2023\/08\/20230817_090839-2048x1536.jpg 2048w, https:\/\/alpagrumi.ch\/wp-content\/uploads\/sites\/78\/2023\/08\/20230817_090839-1320x990.jpg 1320w, https:\/\/alpagrumi.ch\/wp-content\/uploads\/sites\/78\/2023\/08\/20230817_090839-600x450.jpg 600w\" sizes=\"(max-width: 1024px) 100vw, 1024px\" \/><figcaption class=\"wp-element-caption\">Der Schutz hat funktioniert. Hoffentlich funktioniert das auch bei V\u00f6geln und Wespen, den anderen Plagen, sobald die Trauben reif sind.<\/figcaption><\/figure>\n<figure class=\"wp-block-image size-large\"><img loading=\"lazy\" decoding=\"async\" width=\"1024\" height=\"768\" src=\"https:\/\/alpagrumi.ch\/wp-content\/uploads\/sites\/78\/2023\/08\/20230818_102853-1024x768.jpg\" alt=\"\" class=\"wp-image-11540\" srcset=\"https:\/\/alpagrumi.ch\/wp-content\/uploads\/sites\/78\/2023\/08\/20230818_102853-1024x768.jpg 1024w, https:\/\/alpagrumi.ch\/wp-content\/uploads\/sites\/78\/2023\/08\/20230818_102853-300x225.jpg 300w, https:\/\/alpagrumi.ch\/wp-content\/uploads\/sites\/78\/2023\/08\/20230818_102853-768x576.jpg 768w, https:\/\/alpagrumi.ch\/wp-content\/uploads\/sites\/78\/2023\/08\/20230818_102853-1536x1152.jpg 1536w, https:\/\/alpagrumi.ch\/wp-content\/uploads\/sites\/78\/2023\/08\/20230818_102853-2048x1536.jpg 2048w, https:\/\/alpagrumi.ch\/wp-content\/uploads\/sites\/78\/2023\/08\/20230818_102853-1320x990.jpg 1320w, https:\/\/alpagrumi.ch\/wp-content\/uploads\/sites\/78\/2023\/08\/20230818_102853-600x450.jpg 600w\" sizes=\"(max-width: 1024px) 100vw, 1024px\" \/><figcaption class=\"wp-element-caption\">Auch Zitrusb\u00e4ume wurden gesch\u00fctzt. Aber nicht alle. Die Yuzus waren in Sicherheit, aber nicht die Zitronenb\u00e4ume Karna.  <\/figcaption><\/figure>\n<figure class=\"wp-block-image size-large\"><img loading=\"lazy\" decoding=\"async\" width=\"1024\" height=\"768\" src=\"https:\/\/alpagrumi.ch\/wp-content\/uploads\/sites\/78\/2023\/08\/20230818_102944-1024x768.jpg\" alt=\"\" class=\"wp-image-11544\" srcset=\"https:\/\/alpagrumi.ch\/wp-content\/uploads\/sites\/78\/2023\/08\/20230818_102944-1024x768.jpg 1024w, https:\/\/alpagrumi.ch\/wp-content\/uploads\/sites\/78\/2023\/08\/20230818_102944-300x225.jpg 300w, https:\/\/alpagrumi.ch\/wp-content\/uploads\/sites\/78\/2023\/08\/20230818_102944-768x576.jpg 768w, https:\/\/alpagrumi.ch\/wp-content\/uploads\/sites\/78\/2023\/08\/20230818_102944-1536x1152.jpg 1536w, https:\/\/alpagrumi.ch\/wp-content\/uploads\/sites\/78\/2023\/08\/20230818_102944-2048x1536.jpg 2048w, https:\/\/alpagrumi.ch\/wp-content\/uploads\/sites\/78\/2023\/08\/20230818_102944-1320x990.jpg 1320w, https:\/\/alpagrumi.ch\/wp-content\/uploads\/sites\/78\/2023\/08\/20230818_102944-600x450.jpg 600w\" sizes=\"(max-width: 1024px) 100vw, 1024px\" \/><figcaption class=\"wp-element-caption\">Fast keine Sch\u00e4den, einige l\u00f6chrige Bl\u00e4tter.<\/figcaption><\/figure>\n<figure class=\"wp-block-image size-large\"><img loading=\"lazy\" decoding=\"async\" width=\"1024\" height=\"768\" src=\"https:\/\/alpagrumi.ch\/wp-content\/uploads\/sites\/78\/2023\/08\/20230816_182623-1024x768.jpg\" alt=\"\" class=\"wp-image-11548\" srcset=\"https:\/\/alpagrumi.ch\/wp-content\/uploads\/sites\/78\/2023\/08\/20230816_182623-1024x768.jpg 1024w, https:\/\/alpagrumi.ch\/wp-content\/uploads\/sites\/78\/2023\/08\/20230816_182623-300x225.jpg 300w, https:\/\/alpagrumi.ch\/wp-content\/uploads\/sites\/78\/2023\/08\/20230816_182623-768x576.jpg 768w, https:\/\/alpagrumi.ch\/wp-content\/uploads\/sites\/78\/2023\/08\/20230816_182623-1536x1152.jpg 1536w, https:\/\/alpagrumi.ch\/wp-content\/uploads\/sites\/78\/2023\/08\/20230816_182623-2048x1536.jpg 2048w, https:\/\/alpagrumi.ch\/wp-content\/uploads\/sites\/78\/2023\/08\/20230816_182623-1320x990.jpg 1320w, https:\/\/alpagrumi.ch\/wp-content\/uploads\/sites\/78\/2023\/08\/20230816_182623-600x450.jpg 600w\" sizes=\"(max-width: 1024px) 100vw, 1024px\" \/><figcaption class=\"wp-element-caption\">Und die Netze \u00fcber dem Gem\u00fcsegarten haben ihre Arbeit getan.<\/figcaption><\/figure>\n<figure class=\"wp-block-image size-large\"><img loading=\"lazy\" decoding=\"async\" width=\"768\" height=\"1024\" src=\"https:\/\/alpagrumi.ch\/wp-content\/uploads\/sites\/78\/2023\/08\/20230818_115900-768x1024.jpg\" alt=\"\" class=\"wp-image-11556\" srcset=\"https:\/\/alpagrumi.ch\/wp-content\/uploads\/sites\/78\/2023\/08\/20230818_115900-768x1024.jpg 768w, https:\/\/alpagrumi.ch\/wp-content\/uploads\/sites\/78\/2023\/08\/20230818_115900-225x300.jpg 225w, https:\/\/alpagrumi.ch\/wp-content\/uploads\/sites\/78\/2023\/08\/20230818_115900-1152x1536.jpg 1152w, https:\/\/alpagrumi.ch\/wp-content\/uploads\/sites\/78\/2023\/08\/20230818_115900-1536x2048.jpg 1536w, https:\/\/alpagrumi.ch\/wp-content\/uploads\/sites\/78\/2023\/08\/20230818_115900-1320x1760.jpg 1320w, https:\/\/alpagrumi.ch\/wp-content\/uploads\/sites\/78\/2023\/08\/20230818_115900-600x800.jpg 600w, https:\/\/alpagrumi.ch\/wp-content\/uploads\/sites\/78\/2023\/08\/20230818_115900-scaled.jpg 1920w\" sizes=\"(max-width: 768px) 100vw, 768px\" \/><figcaption class=\"wp-element-caption\">Das Gem\u00fcse kann weiter geerntet werden.  <\/figcaption><\/figure>\n<figure class=\"wp-block-image size-large\"><img loading=\"lazy\" decoding=\"async\" width=\"1024\" height=\"768\" src=\"https:\/\/alpagrumi.ch\/wp-content\/uploads\/sites\/78\/2023\/08\/20230817_095721-1024x768.jpg\" alt=\"\" class=\"wp-image-11552\" srcset=\"https:\/\/alpagrumi.ch\/wp-content\/uploads\/sites\/78\/2023\/08\/20230817_095721-1024x768.jpg 1024w, https:\/\/alpagrumi.ch\/wp-content\/uploads\/sites\/78\/2023\/08\/20230817_095721-300x225.jpg 300w, https:\/\/alpagrumi.ch\/wp-content\/uploads\/sites\/78\/2023\/08\/20230817_095721-768x576.jpg 768w, https:\/\/alpagrumi.ch\/wp-content\/uploads\/sites\/78\/2023\/08\/20230817_095721-1536x1152.jpg 1536w, https:\/\/alpagrumi.ch\/wp-content\/uploads\/sites\/78\/2023\/08\/20230817_095721-2048x1536.jpg 2048w, https:\/\/alpagrumi.ch\/wp-content\/uploads\/sites\/78\/2023\/08\/20230817_095721-1320x990.jpg 1320w, https:\/\/alpagrumi.ch\/wp-content\/uploads\/sites\/78\/2023\/08\/20230817_095721-600x450.jpg 600w\" sizes=\"(max-width: 1024px) 100vw, 1024px\" \/><figcaption class=\"wp-element-caption\">Jeden Tag ein bisschen<\/figcaption><\/figure>\n<figure class=\"wp-block-image size-large is-resized\"><img loading=\"lazy\" decoding=\"async\" src=\"https:\/\/alpagrumi.ch\/wp-content\/uploads\/sites\/78\/2023\/08\/20230816_174836-1024x768.jpg\" alt=\"\" class=\"wp-image-11560\" style=\"width:840px;height:630px\" width=\"840\" height=\"630\" srcset=\"https:\/\/alpagrumi.ch\/wp-content\/uploads\/sites\/78\/2023\/08\/20230816_174836-1024x768.jpg 1024w, https:\/\/alpagrumi.ch\/wp-content\/uploads\/sites\/78\/2023\/08\/20230816_174836-300x225.jpg 300w, https:\/\/alpagrumi.ch\/wp-content\/uploads\/sites\/78\/2023\/08\/20230816_174836-768x576.jpg 768w, https:\/\/alpagrumi.ch\/wp-content\/uploads\/sites\/78\/2023\/08\/20230816_174836-1536x1152.jpg 1536w, https:\/\/alpagrumi.ch\/wp-content\/uploads\/sites\/78\/2023\/08\/20230816_174836-2048x1536.jpg 2048w, https:\/\/alpagrumi.ch\/wp-content\/uploads\/sites\/78\/2023\/08\/20230816_174836-1320x990.jpg 1320w, https:\/\/alpagrumi.ch\/wp-content\/uploads\/sites\/78\/2023\/08\/20230816_174836-600x450.jpg 600w\" sizes=\"(max-width: 840px) 100vw, 840px\" \/><figcaption class=\"wp-element-caption\">&#8230; solange der Himmel uns verschont.<\/figcaption><\/figure>","protected":false},"excerpt":{"rendered":"<p>Es wird zur Gewohnheit, dass es irgendwann im Sommer zu einem Hagelsturm kommt. In den letzten beiden Jahren war es wirklich katastrophal, dieses Mal zum Gl\u00fcck viel weniger.<\/p>\n","protected":false},"author":1630,"featured_media":11550,"comment_status":"closed","ping_status":"open","sticky":false,"template":"","format":"standard","meta":{"_seopress_robots_primary_cat":"","_seopress_titles_title":"","_seopress_titles_desc":"","_seopress_robots_index":"","footnotes":""},"categories":[63],"tags":[],"class_list":["post-11566","post","type-post","status-publish","format-standard","has-post-thumbnail","hentry","category-news-de"],"_links":{"self":[{"href":"https:\/\/alpagrumi.ch\/de\/wp-json\/wp\/v2\/posts\/11566","targetHints":{"allow":["GET"]}}],"collection":[{"href":"https:\/\/alpagrumi.ch\/de\/wp-json\/wp\/v2\/posts"}],"about":[{"href":"https:\/\/alpagrumi.ch\/de\/wp-json\/wp\/v2\/types\/post"}],"author":[{"embeddable":true,"href":"https:\/\/alpagrumi.ch\/de\/wp-json\/wp\/v2\/users\/1630"}],"replies":[{"embeddable":true,"href":"https:\/\/alpagrumi.ch\/de\/wp-json\/wp\/v2\/comments?post=11566"}],"version-history":[{"count":0,"href":"https:\/\/alpagrumi.ch\/de\/wp-json\/wp\/v2\/posts\/11566\/revisions"}],"wp:featuredmedia":[{"embeddable":true,"href":"https:\/\/alpagrumi.ch\/de\/wp-json\/wp\/v2\/media\/11550"}],"wp:attachment":[{"href":"https:\/\/alpagrumi.ch\/de\/wp-json\/wp\/v2\/media?parent=11566"}],"wp:term":[{"taxonomy":"category","embeddable":true,"href":"https:\/\/alpagrumi.ch\/de\/wp-json\/wp\/v2\/categories?post=11566"},{"taxonomy":"post_tag","embeddable":true,"href":"https:\/\/alpagrumi.ch\/de\/wp-json\/wp\/v2\/tags?post=11566"}],"curies":[{"name":"wp","href":"https:\/\/api.w.org\/{rel}","templated":true}]}}