{"id":14230,"date":"2024-03-18T02:03:43","date_gmt":"2024-03-18T01:03:43","guid":{"rendered":"https:\/\/alpagrumi.ch\/?p=14230"},"modified":"2024-03-24T20:04:30","modified_gmt":"2024-03-24T19:04:30","slug":"neuanpflanzung-von-orangen-und-zitronenbaeumen","status":"publish","type":"post","link":"https:\/\/alpagrumi.ch\/de\/neuanpflanzung-von-orangen-und-zitronenbaeumen\/","title":{"rendered":"Neuanpflanzung von Orangen- und Zitronenb\u00e4umen"},"content":{"rendered":"\n<p>In diesem Winter haben wir unseren letzten Merlot-Rebstock gerodet, etwa 600 Pflanzen. Die Reben werden durch 30 Orangenb\u00e4ume der Sorten Navelina und Caracara, 15 Meyer-Zitronenb\u00e4ume und 6 rosa Pomelo ersetzt. Auch Ichang lemon, Sudachi und Eremorange, 4 von jeder Sorte. Dann noch Pomelo Marumero, Tangelo Ambersweet, Kabosu, Korsischer Blutorangenbaum, Orangenbaum Fragola und Zitronenbaum Bignette, jeweils 2 von jeder Sorte. Insgesamt \u00fcber 70 B\u00e4ume.  <br\/>Wenn diese Parzelle bepflanzt ist, werden wir 25 verschiedene Zitrussorten auf unseren Terrassenfeldern haben, insgesamt etwa 250 B\u00e4ume.  <\/p>\n\n<p> <\/p>\n\n<figure class=\"wp-block-image size-large\"><img fetchpriority=\"high\" decoding=\"async\" width=\"1024\" height=\"768\" src=\"https:\/\/alpagrumi.ch\/wp-content\/uploads\/sites\/78\/2024\/03\/20240121_161337-1024x768.jpg\" alt=\"\" class=\"wp-image-14208\" srcset=\"https:\/\/alpagrumi.ch\/wp-content\/uploads\/sites\/78\/2024\/03\/20240121_161337-1024x768.jpg 1024w, https:\/\/alpagrumi.ch\/wp-content\/uploads\/sites\/78\/2024\/03\/20240121_161337-300x225.jpg 300w, https:\/\/alpagrumi.ch\/wp-content\/uploads\/sites\/78\/2024\/03\/20240121_161337-768x576.jpg 768w, https:\/\/alpagrumi.ch\/wp-content\/uploads\/sites\/78\/2024\/03\/20240121_161337-1536x1152.jpg 1536w, https:\/\/alpagrumi.ch\/wp-content\/uploads\/sites\/78\/2024\/03\/20240121_161337-2048x1536.jpg 2048w, https:\/\/alpagrumi.ch\/wp-content\/uploads\/sites\/78\/2024\/03\/20240121_161337-1320x990.jpg 1320w, https:\/\/alpagrumi.ch\/wp-content\/uploads\/sites\/78\/2024\/03\/20240121_161337-600x450.jpg 600w\" sizes=\"(max-width: 1024px) 100vw, 1024px\" \/><figcaption class=\"wp-element-caption\">Hier ist nur der untere Teil des Grundst\u00fccks, das vorbereitet werden soll. Die Gesamtfl\u00e4che ist etwa viermal so gro\u00df, insgesamt 900 Quadratmeter. Wir beginnen im Januar, indem wir alle Dr\u00e4hte entfernen und dann die Pfosten herausrei\u00dfen.<\/figcaption><\/figure>\n<figure class=\"wp-block-image size-large\"><img decoding=\"async\" width=\"1024\" height=\"768\" src=\"https:\/\/alpagrumi.ch\/wp-content\/uploads\/sites\/78\/2024\/03\/20240121_161852-1024x768.jpg\" alt=\"\" class=\"wp-image-14095\" srcset=\"https:\/\/alpagrumi.ch\/wp-content\/uploads\/sites\/78\/2024\/03\/20240121_161852-1024x768.jpg 1024w, https:\/\/alpagrumi.ch\/wp-content\/uploads\/sites\/78\/2024\/03\/20240121_161852-300x225.jpg 300w, https:\/\/alpagrumi.ch\/wp-content\/uploads\/sites\/78\/2024\/03\/20240121_161852-768x576.jpg 768w, https:\/\/alpagrumi.ch\/wp-content\/uploads\/sites\/78\/2024\/03\/20240121_161852-1536x1152.jpg 1536w, https:\/\/alpagrumi.ch\/wp-content\/uploads\/sites\/78\/2024\/03\/20240121_161852-2048x1536.jpg 2048w, https:\/\/alpagrumi.ch\/wp-content\/uploads\/sites\/78\/2024\/03\/20240121_161852-1320x990.jpg 1320w, https:\/\/alpagrumi.ch\/wp-content\/uploads\/sites\/78\/2024\/03\/20240121_161852-600x450.jpg 600w\" sizes=\"(max-width: 1024px) 100vw, 1024px\" \/><figcaption class=\"wp-element-caption\">In einem Weinberg liegen hunderte Meter Draht, da kommen schnell riesige Haufen zusammen.<\/figcaption><\/figure>\n<figure class=\"wp-block-image size-large\"><img decoding=\"async\" width=\"1024\" height=\"768\" src=\"https:\/\/alpagrumi.ch\/wp-content\/uploads\/sites\/78\/2024\/03\/20240121_161917-1024x768.jpg\" alt=\"\" class=\"wp-image-14099\" srcset=\"https:\/\/alpagrumi.ch\/wp-content\/uploads\/sites\/78\/2024\/03\/20240121_161917-1024x768.jpg 1024w, https:\/\/alpagrumi.ch\/wp-content\/uploads\/sites\/78\/2024\/03\/20240121_161917-300x225.jpg 300w, https:\/\/alpagrumi.ch\/wp-content\/uploads\/sites\/78\/2024\/03\/20240121_161917-768x576.jpg 768w, https:\/\/alpagrumi.ch\/wp-content\/uploads\/sites\/78\/2024\/03\/20240121_161917-1536x1152.jpg 1536w, https:\/\/alpagrumi.ch\/wp-content\/uploads\/sites\/78\/2024\/03\/20240121_161917-2048x1536.jpg 2048w, https:\/\/alpagrumi.ch\/wp-content\/uploads\/sites\/78\/2024\/03\/20240121_161917-1320x990.jpg 1320w, https:\/\/alpagrumi.ch\/wp-content\/uploads\/sites\/78\/2024\/03\/20240121_161917-600x450.jpg 600w\" sizes=\"(max-width: 1024px) 100vw, 1024px\" \/><figcaption class=\"wp-element-caption\">Au\u00dferdem gibt es eine beeindruckende Menge an Betonpfosten. Sie werden vor\u00fcbergehend aufgeh\u00e4uft und sp\u00e4ter zur Verst\u00e4rkung und zum Wiederaufbau von eingest\u00fcrzten oder zu niedrigen Terrassen verwendet.<\/figcaption><\/figure>\n<figure class=\"wp-block-image size-large\"><img loading=\"lazy\" decoding=\"async\" width=\"768\" height=\"1024\" src=\"https:\/\/alpagrumi.ch\/wp-content\/uploads\/sites\/78\/2024\/03\/20240121_162114-768x1024.jpg\" alt=\"\" class=\"wp-image-14103\" srcset=\"https:\/\/alpagrumi.ch\/wp-content\/uploads\/sites\/78\/2024\/03\/20240121_162114-768x1024.jpg 768w, https:\/\/alpagrumi.ch\/wp-content\/uploads\/sites\/78\/2024\/03\/20240121_162114-225x300.jpg 225w, https:\/\/alpagrumi.ch\/wp-content\/uploads\/sites\/78\/2024\/03\/20240121_162114-1152x1536.jpg 1152w, https:\/\/alpagrumi.ch\/wp-content\/uploads\/sites\/78\/2024\/03\/20240121_162114-1536x2048.jpg 1536w, https:\/\/alpagrumi.ch\/wp-content\/uploads\/sites\/78\/2024\/03\/20240121_162114-1320x1760.jpg 1320w, https:\/\/alpagrumi.ch\/wp-content\/uploads\/sites\/78\/2024\/03\/20240121_162114-600x800.jpg 600w, https:\/\/alpagrumi.ch\/wp-content\/uploads\/sites\/78\/2024\/03\/20240121_162114-scaled.jpg 1920w\" sizes=\"(max-width: 768px) 100vw, 768px\" \/><figcaption class=\"wp-element-caption\">Anschlie\u00dfend muss man die Reben einzeln mit der Spitzhacke ausrei\u00dfen.<\/figcaption><\/figure>\n<figure class=\"wp-block-image size-large\"><img loading=\"lazy\" decoding=\"async\" width=\"768\" height=\"1024\" src=\"https:\/\/alpagrumi.ch\/wp-content\/uploads\/sites\/78\/2024\/03\/20240121_161938-768x1024.jpg\" alt=\"\" class=\"wp-image-14107\" srcset=\"https:\/\/alpagrumi.ch\/wp-content\/uploads\/sites\/78\/2024\/03\/20240121_161938-768x1024.jpg 768w, https:\/\/alpagrumi.ch\/wp-content\/uploads\/sites\/78\/2024\/03\/20240121_161938-225x300.jpg 225w, https:\/\/alpagrumi.ch\/wp-content\/uploads\/sites\/78\/2024\/03\/20240121_161938-1152x1536.jpg 1152w, https:\/\/alpagrumi.ch\/wp-content\/uploads\/sites\/78\/2024\/03\/20240121_161938-1536x2048.jpg 1536w, https:\/\/alpagrumi.ch\/wp-content\/uploads\/sites\/78\/2024\/03\/20240121_161938-1320x1760.jpg 1320w, https:\/\/alpagrumi.ch\/wp-content\/uploads\/sites\/78\/2024\/03\/20240121_161938-600x800.jpg 600w, https:\/\/alpagrumi.ch\/wp-content\/uploads\/sites\/78\/2024\/03\/20240121_161938-scaled.jpg 1920w\" sizes=\"(max-width: 768px) 100vw, 768px\" \/><figcaption class=\"wp-element-caption\">Wir stapeln auch das erst einmal. Sie m\u00fcssen in zwei H\u00e4lften ges\u00e4gt werden, bevor sie im Kamin verbrannt werden k\u00f6nnen.<\/figcaption><\/figure>\n<figure class=\"wp-block-image size-large\"><img loading=\"lazy\" decoding=\"async\" width=\"1024\" height=\"768\" src=\"https:\/\/alpagrumi.ch\/wp-content\/uploads\/sites\/78\/2024\/03\/20240121_161434-1024x768.jpg\" alt=\"\" class=\"wp-image-14111\" srcset=\"https:\/\/alpagrumi.ch\/wp-content\/uploads\/sites\/78\/2024\/03\/20240121_161434-1024x768.jpg 1024w, https:\/\/alpagrumi.ch\/wp-content\/uploads\/sites\/78\/2024\/03\/20240121_161434-300x225.jpg 300w, https:\/\/alpagrumi.ch\/wp-content\/uploads\/sites\/78\/2024\/03\/20240121_161434-768x576.jpg 768w, https:\/\/alpagrumi.ch\/wp-content\/uploads\/sites\/78\/2024\/03\/20240121_161434-1536x1152.jpg 1536w, https:\/\/alpagrumi.ch\/wp-content\/uploads\/sites\/78\/2024\/03\/20240121_161434-2048x1536.jpg 2048w, https:\/\/alpagrumi.ch\/wp-content\/uploads\/sites\/78\/2024\/03\/20240121_161434-1320x990.jpg 1320w, https:\/\/alpagrumi.ch\/wp-content\/uploads\/sites\/78\/2024\/03\/20240121_161434-600x450.jpg 600w\" sizes=\"(max-width: 1024px) 100vw, 1024px\" \/><figcaption class=\"wp-element-caption\">Mitte Februar kamen wir recht gut voran.  <\/figcaption><\/figure>\n<figure class=\"wp-block-image size-large\"><img loading=\"lazy\" decoding=\"async\" width=\"1024\" height=\"768\" src=\"https:\/\/alpagrumi.ch\/wp-content\/uploads\/sites\/78\/2024\/03\/20240123_100814-1024x768.jpg\" alt=\"\" class=\"wp-image-14115\" srcset=\"https:\/\/alpagrumi.ch\/wp-content\/uploads\/sites\/78\/2024\/03\/20240123_100814-1024x768.jpg 1024w, https:\/\/alpagrumi.ch\/wp-content\/uploads\/sites\/78\/2024\/03\/20240123_100814-300x225.jpg 300w, https:\/\/alpagrumi.ch\/wp-content\/uploads\/sites\/78\/2024\/03\/20240123_100814-768x576.jpg 768w, https:\/\/alpagrumi.ch\/wp-content\/uploads\/sites\/78\/2024\/03\/20240123_100814-1536x1152.jpg 1536w, https:\/\/alpagrumi.ch\/wp-content\/uploads\/sites\/78\/2024\/03\/20240123_100814-2048x1536.jpg 2048w, https:\/\/alpagrumi.ch\/wp-content\/uploads\/sites\/78\/2024\/03\/20240123_100814-1320x990.jpg 1320w, https:\/\/alpagrumi.ch\/wp-content\/uploads\/sites\/78\/2024\/03\/20240123_100814-600x450.jpg 600w\" sizes=\"(max-width: 1024px) 100vw, 1024px\" \/><figcaption class=\"wp-element-caption\">Zwei Drittel der Terrassen sind frei, man beginnt zu atmen.<\/figcaption><\/figure>\n<figure class=\"wp-block-image size-large\"><img loading=\"lazy\" decoding=\"async\" width=\"1024\" height=\"768\" src=\"https:\/\/alpagrumi.ch\/wp-content\/uploads\/sites\/78\/2024\/03\/20240318_090339-1024x768.jpg\" alt=\"\" class=\"wp-image-14127\" srcset=\"https:\/\/alpagrumi.ch\/wp-content\/uploads\/sites\/78\/2024\/03\/20240318_090339-1024x768.jpg 1024w, https:\/\/alpagrumi.ch\/wp-content\/uploads\/sites\/78\/2024\/03\/20240318_090339-300x225.jpg 300w, https:\/\/alpagrumi.ch\/wp-content\/uploads\/sites\/78\/2024\/03\/20240318_090339-768x576.jpg 768w, https:\/\/alpagrumi.ch\/wp-content\/uploads\/sites\/78\/2024\/03\/20240318_090339-1536x1152.jpg 1536w, https:\/\/alpagrumi.ch\/wp-content\/uploads\/sites\/78\/2024\/03\/20240318_090339-2048x1536.jpg 2048w, https:\/\/alpagrumi.ch\/wp-content\/uploads\/sites\/78\/2024\/03\/20240318_090339-1320x990.jpg 1320w, https:\/\/alpagrumi.ch\/wp-content\/uploads\/sites\/78\/2024\/03\/20240318_090339-600x450.jpg 600w\" sizes=\"(max-width: 1024px) 100vw, 1024px\" \/><figcaption class=\"wp-element-caption\">Ende Februar werden die Terrassen, die am st\u00e4rksten besch\u00e4digt waren, verst\u00e4rkt.<\/figcaption><\/figure>\n<figure class=\"wp-block-image size-large\"><img loading=\"lazy\" decoding=\"async\" width=\"1024\" height=\"768\" src=\"https:\/\/alpagrumi.ch\/wp-content\/uploads\/sites\/78\/2024\/03\/20240318_090430-1024x768.jpg\" alt=\"\" class=\"wp-image-14131\" srcset=\"https:\/\/alpagrumi.ch\/wp-content\/uploads\/sites\/78\/2024\/03\/20240318_090430-1024x768.jpg 1024w, https:\/\/alpagrumi.ch\/wp-content\/uploads\/sites\/78\/2024\/03\/20240318_090430-300x225.jpg 300w, https:\/\/alpagrumi.ch\/wp-content\/uploads\/sites\/78\/2024\/03\/20240318_090430-768x576.jpg 768w, https:\/\/alpagrumi.ch\/wp-content\/uploads\/sites\/78\/2024\/03\/20240318_090430-1536x1152.jpg 1536w, https:\/\/alpagrumi.ch\/wp-content\/uploads\/sites\/78\/2024\/03\/20240318_090430-2048x1536.jpg 2048w, https:\/\/alpagrumi.ch\/wp-content\/uploads\/sites\/78\/2024\/03\/20240318_090430-1320x990.jpg 1320w, https:\/\/alpagrumi.ch\/wp-content\/uploads\/sites\/78\/2024\/03\/20240318_090430-600x450.jpg 600w\" sizes=\"(max-width: 1024px) 100vw, 1024px\" \/><figcaption class=\"wp-element-caption\">Es muss noch mit Erde aufgef\u00fcllt werden, um es ein wenig zu ebnen.<\/figcaption><\/figure>\n<figure class=\"wp-block-image size-large\"><img loading=\"lazy\" decoding=\"async\" width=\"1024\" height=\"768\" src=\"https:\/\/alpagrumi.ch\/wp-content\/uploads\/sites\/78\/2024\/03\/20240318_111155-1024x768.jpg\" alt=\"\" class=\"wp-image-14135\" srcset=\"https:\/\/alpagrumi.ch\/wp-content\/uploads\/sites\/78\/2024\/03\/20240318_111155-1024x768.jpg 1024w, https:\/\/alpagrumi.ch\/wp-content\/uploads\/sites\/78\/2024\/03\/20240318_111155-300x225.jpg 300w, https:\/\/alpagrumi.ch\/wp-content\/uploads\/sites\/78\/2024\/03\/20240318_111155-768x576.jpg 768w, https:\/\/alpagrumi.ch\/wp-content\/uploads\/sites\/78\/2024\/03\/20240318_111155-1536x1152.jpg 1536w, https:\/\/alpagrumi.ch\/wp-content\/uploads\/sites\/78\/2024\/03\/20240318_111155-2048x1536.jpg 2048w, https:\/\/alpagrumi.ch\/wp-content\/uploads\/sites\/78\/2024\/03\/20240318_111155-1320x990.jpg 1320w, https:\/\/alpagrumi.ch\/wp-content\/uploads\/sites\/78\/2024\/03\/20240318_111155-600x450.jpg 600w\" sizes=\"(max-width: 1024px) 100vw, 1024px\" \/><figcaption class=\"wp-element-caption\">Im n\u00e4chsten Schritt muss man die zu pflanzenden B\u00e4ume bis zur Parzelle bringen. Hier warten die Orangenb\u00e4ume, vor ihnen das Topfhalterwerkzeug, mit dem sie auf dem R\u00fccken transportiert werden k\u00f6nnen, perfekt f\u00fcr 12-Liter-T\u00f6pfe.<\/figcaption><\/figure>\n<figure class=\"wp-block-image size-large\"><img loading=\"lazy\" decoding=\"async\" width=\"768\" height=\"1024\" src=\"https:\/\/alpagrumi.ch\/wp-content\/uploads\/sites\/78\/2024\/03\/20240322_182352-768x1024.jpg\" alt=\"\" class=\"wp-image-14198\" srcset=\"https:\/\/alpagrumi.ch\/wp-content\/uploads\/sites\/78\/2024\/03\/20240322_182352-768x1024.jpg 768w, https:\/\/alpagrumi.ch\/wp-content\/uploads\/sites\/78\/2024\/03\/20240322_182352-225x300.jpg 225w, https:\/\/alpagrumi.ch\/wp-content\/uploads\/sites\/78\/2024\/03\/20240322_182352-1152x1536.jpg 1152w, https:\/\/alpagrumi.ch\/wp-content\/uploads\/sites\/78\/2024\/03\/20240322_182352-1536x2048.jpg 1536w, https:\/\/alpagrumi.ch\/wp-content\/uploads\/sites\/78\/2024\/03\/20240322_182352-1320x1760.jpg 1320w, https:\/\/alpagrumi.ch\/wp-content\/uploads\/sites\/78\/2024\/03\/20240322_182352-600x800.jpg 600w, https:\/\/alpagrumi.ch\/wp-content\/uploads\/sites\/78\/2024\/03\/20240322_182352-scaled.jpg 1920w\" sizes=\"(max-width: 768px) 100vw, 768px\" \/><figcaption class=\"wp-element-caption\">Die n\u00e4chste Stra\u00dfe ist 300 m entfernt. Also muss man sie auf dem Pfad durch den Wald hinunterlassen.<\/figcaption><\/figure>\n<figure class=\"wp-block-image size-large\"><img loading=\"lazy\" decoding=\"async\" width=\"1024\" height=\"768\" src=\"https:\/\/alpagrumi.ch\/wp-content\/uploads\/sites\/78\/2024\/03\/20240318_111049-1024x768.jpg\" alt=\"\" class=\"wp-image-14139\" srcset=\"https:\/\/alpagrumi.ch\/wp-content\/uploads\/sites\/78\/2024\/03\/20240318_111049-1024x768.jpg 1024w, https:\/\/alpagrumi.ch\/wp-content\/uploads\/sites\/78\/2024\/03\/20240318_111049-300x225.jpg 300w, https:\/\/alpagrumi.ch\/wp-content\/uploads\/sites\/78\/2024\/03\/20240318_111049-768x576.jpg 768w, https:\/\/alpagrumi.ch\/wp-content\/uploads\/sites\/78\/2024\/03\/20240318_111049-1536x1152.jpg 1536w, https:\/\/alpagrumi.ch\/wp-content\/uploads\/sites\/78\/2024\/03\/20240318_111049-2048x1536.jpg 2048w, https:\/\/alpagrumi.ch\/wp-content\/uploads\/sites\/78\/2024\/03\/20240318_111049-1320x990.jpg 1320w, https:\/\/alpagrumi.ch\/wp-content\/uploads\/sites\/78\/2024\/03\/20240318_111049-600x450.jpg 600w\" sizes=\"(max-width: 1024px) 100vw, 1024px\" \/><figcaption class=\"wp-element-caption\">Die Meyer-Zitronenb\u00e4ume hingegen stehen in 20-Liter-T\u00f6pfen. Sie passen nicht in den Topfhalter. Diese sind in den Armen zu tragen. Zum Gl\u00fcck gibt es weniger davon.<\/figcaption><\/figure>\n<figure class=\"wp-block-image size-large\"><img loading=\"lazy\" decoding=\"async\" width=\"768\" height=\"1024\" src=\"https:\/\/alpagrumi.ch\/wp-content\/uploads\/sites\/78\/2024\/03\/20240318_090210-768x1024.jpg\" alt=\"\" class=\"wp-image-14143\" srcset=\"https:\/\/alpagrumi.ch\/wp-content\/uploads\/sites\/78\/2024\/03\/20240318_090210-768x1024.jpg 768w, https:\/\/alpagrumi.ch\/wp-content\/uploads\/sites\/78\/2024\/03\/20240318_090210-225x300.jpg 225w, https:\/\/alpagrumi.ch\/wp-content\/uploads\/sites\/78\/2024\/03\/20240318_090210-1152x1536.jpg 1152w, https:\/\/alpagrumi.ch\/wp-content\/uploads\/sites\/78\/2024\/03\/20240318_090210-1536x2048.jpg 1536w, https:\/\/alpagrumi.ch\/wp-content\/uploads\/sites\/78\/2024\/03\/20240318_090210-1320x1760.jpg 1320w, https:\/\/alpagrumi.ch\/wp-content\/uploads\/sites\/78\/2024\/03\/20240318_090210-600x800.jpg 600w, https:\/\/alpagrumi.ch\/wp-content\/uploads\/sites\/78\/2024\/03\/20240318_090210-scaled.jpg 1920w\" sizes=\"(max-width: 768px) 100vw, 768px\" \/><figcaption class=\"wp-element-caption\">Dann m\u00fcssen die L\u00f6cher vorbereitet werden. Gr\u00f6\u00dfe 50cm x 50cm, 70-80cm tief. Abstand zwischen den L\u00f6chern: 2,5 m f\u00fcr Zitronenb\u00e4ume, 3 m f\u00fcr Orangenb\u00e4ume, 4 m f\u00fcr alle anderen.<\/figcaption><\/figure>\n<figure class=\"wp-block-image size-large\"><img loading=\"lazy\" decoding=\"async\" width=\"768\" height=\"1024\" src=\"https:\/\/alpagrumi.ch\/wp-content\/uploads\/sites\/78\/2024\/03\/20240318_115849-768x1024.jpg\" alt=\"\" class=\"wp-image-14147\" srcset=\"https:\/\/alpagrumi.ch\/wp-content\/uploads\/sites\/78\/2024\/03\/20240318_115849-768x1024.jpg 768w, https:\/\/alpagrumi.ch\/wp-content\/uploads\/sites\/78\/2024\/03\/20240318_115849-225x300.jpg 225w, https:\/\/alpagrumi.ch\/wp-content\/uploads\/sites\/78\/2024\/03\/20240318_115849-1152x1536.jpg 1152w, https:\/\/alpagrumi.ch\/wp-content\/uploads\/sites\/78\/2024\/03\/20240318_115849-1536x2048.jpg 1536w, https:\/\/alpagrumi.ch\/wp-content\/uploads\/sites\/78\/2024\/03\/20240318_115849-1320x1760.jpg 1320w, https:\/\/alpagrumi.ch\/wp-content\/uploads\/sites\/78\/2024\/03\/20240318_115849-600x800.jpg 600w, https:\/\/alpagrumi.ch\/wp-content\/uploads\/sites\/78\/2024\/03\/20240318_115849-scaled.jpg 1920w\" sizes=\"(max-width: 768px) 100vw, 768px\" \/><figcaption class=\"wp-element-caption\">Auf den Grund des Lochs wirft man 1,5 kg H\u00fchnermist in Granulatform. Wenn der Boden arm ist, z\u00f6gern Sie nicht, die doppelte Menge einzusetzen.<\/figcaption><\/figure>\n<figure class=\"wp-block-image size-large\"><img loading=\"lazy\" decoding=\"async\" width=\"1024\" height=\"768\" src=\"https:\/\/alpagrumi.ch\/wp-content\/uploads\/sites\/78\/2024\/03\/20240318_115928-1024x768.jpg\" alt=\"\" class=\"wp-image-14151\" srcset=\"https:\/\/alpagrumi.ch\/wp-content\/uploads\/sites\/78\/2024\/03\/20240318_115928-1024x768.jpg 1024w, https:\/\/alpagrumi.ch\/wp-content\/uploads\/sites\/78\/2024\/03\/20240318_115928-300x225.jpg 300w, https:\/\/alpagrumi.ch\/wp-content\/uploads\/sites\/78\/2024\/03\/20240318_115928-768x576.jpg 768w, https:\/\/alpagrumi.ch\/wp-content\/uploads\/sites\/78\/2024\/03\/20240318_115928-1536x1152.jpg 1536w, https:\/\/alpagrumi.ch\/wp-content\/uploads\/sites\/78\/2024\/03\/20240318_115928-2048x1536.jpg 2048w, https:\/\/alpagrumi.ch\/wp-content\/uploads\/sites\/78\/2024\/03\/20240318_115928-1320x990.jpg 1320w, https:\/\/alpagrumi.ch\/wp-content\/uploads\/sites\/78\/2024\/03\/20240318_115928-600x450.jpg 600w\" sizes=\"(max-width: 1024px) 100vw, 1024px\" \/><figcaption class=\"wp-element-caption\">Man kratzt die Erde an den R\u00e4ndern des Lochs zusammen und mischt die Erde und das Granulat gut miteinander. Dann bedeckst du die Erde 20 cm bis 30 cm hoch, bis die richtige H\u00f6he zum Pflanzen erreicht ist. Die Wurzeln d\u00fcrfen den D\u00fcnger nicht ber\u00fchren. Dieser D\u00fcnger ist nicht f\u00fcr das erste Jahr, sondern eher f\u00fcr das n\u00e4chste.<\/figcaption><\/figure>\n<figure class=\"wp-block-image size-large\"><img loading=\"lazy\" decoding=\"async\" width=\"768\" height=\"1024\" src=\"https:\/\/alpagrumi.ch\/wp-content\/uploads\/sites\/78\/2024\/03\/20240318_092738-768x1024.jpg\" alt=\"\" class=\"wp-image-14155\" srcset=\"https:\/\/alpagrumi.ch\/wp-content\/uploads\/sites\/78\/2024\/03\/20240318_092738-768x1024.jpg 768w, https:\/\/alpagrumi.ch\/wp-content\/uploads\/sites\/78\/2024\/03\/20240318_092738-225x300.jpg 225w, https:\/\/alpagrumi.ch\/wp-content\/uploads\/sites\/78\/2024\/03\/20240318_092738-1152x1536.jpg 1152w, https:\/\/alpagrumi.ch\/wp-content\/uploads\/sites\/78\/2024\/03\/20240318_092738-1536x2048.jpg 1536w, https:\/\/alpagrumi.ch\/wp-content\/uploads\/sites\/78\/2024\/03\/20240318_092738-1320x1760.jpg 1320w, https:\/\/alpagrumi.ch\/wp-content\/uploads\/sites\/78\/2024\/03\/20240318_092738-600x800.jpg 600w, https:\/\/alpagrumi.ch\/wp-content\/uploads\/sites\/78\/2024\/03\/20240318_092738-scaled.jpg 1920w\" sizes=\"(max-width: 768px) 100vw, 768px\" \/><figcaption class=\"wp-element-caption\">Dann wird die Pflanze aufgestellt und der Air-Pot auseinandergenommen, indem der Boden abgeschraubt und entfernt wird.<\/figcaption><\/figure>\n<figure class=\"wp-block-image size-large\"><img loading=\"lazy\" decoding=\"async\" width=\"768\" height=\"1024\" src=\"https:\/\/alpagrumi.ch\/wp-content\/uploads\/sites\/78\/2024\/03\/20240318_082616-768x1024.jpg\" alt=\"\" class=\"wp-image-14159\" srcset=\"https:\/\/alpagrumi.ch\/wp-content\/uploads\/sites\/78\/2024\/03\/20240318_082616-768x1024.jpg 768w, https:\/\/alpagrumi.ch\/wp-content\/uploads\/sites\/78\/2024\/03\/20240318_082616-225x300.jpg 225w, https:\/\/alpagrumi.ch\/wp-content\/uploads\/sites\/78\/2024\/03\/20240318_082616-1152x1536.jpg 1152w, https:\/\/alpagrumi.ch\/wp-content\/uploads\/sites\/78\/2024\/03\/20240318_082616-1536x2048.jpg 1536w, https:\/\/alpagrumi.ch\/wp-content\/uploads\/sites\/78\/2024\/03\/20240318_082616-1320x1760.jpg 1320w, https:\/\/alpagrumi.ch\/wp-content\/uploads\/sites\/78\/2024\/03\/20240318_082616-600x800.jpg 600w, https:\/\/alpagrumi.ch\/wp-content\/uploads\/sites\/78\/2024\/03\/20240318_082616-scaled.jpg 1920w\" sizes=\"(max-width: 768px) 100vw, 768px\" \/><figcaption class=\"wp-element-caption\">Dann benutzt man den bodenlosen Topf, um den Baum mit einem m\u00f6glichst unversehrten Wurzelballen in das Loch zu setzen. Anschlie\u00dfend entfernt man die Plastikwand, bevor man das Loch wieder verschlie\u00dft.<\/figcaption><\/figure>\n<figure class=\"wp-block-image size-large\"><img loading=\"lazy\" decoding=\"async\" width=\"768\" height=\"1024\" src=\"https:\/\/alpagrumi.ch\/wp-content\/uploads\/sites\/78\/2024\/03\/20240318_101410-768x1024.jpg\" alt=\"\" class=\"wp-image-14163\" srcset=\"https:\/\/alpagrumi.ch\/wp-content\/uploads\/sites\/78\/2024\/03\/20240318_101410-768x1024.jpg 768w, https:\/\/alpagrumi.ch\/wp-content\/uploads\/sites\/78\/2024\/03\/20240318_101410-225x300.jpg 225w, https:\/\/alpagrumi.ch\/wp-content\/uploads\/sites\/78\/2024\/03\/20240318_101410-1152x1536.jpg 1152w, https:\/\/alpagrumi.ch\/wp-content\/uploads\/sites\/78\/2024\/03\/20240318_101410-1536x2048.jpg 1536w, https:\/\/alpagrumi.ch\/wp-content\/uploads\/sites\/78\/2024\/03\/20240318_101410-1320x1760.jpg 1320w, https:\/\/alpagrumi.ch\/wp-content\/uploads\/sites\/78\/2024\/03\/20240318_101410-600x800.jpg 600w, https:\/\/alpagrumi.ch\/wp-content\/uploads\/sites\/78\/2024\/03\/20240318_101410-scaled.jpg 1920w\" sizes=\"(max-width: 768px) 100vw, 768px\" \/><figcaption class=\"wp-element-caption\">Schlie\u00dflich ist es wichtig, die Pflanze reichlich zu gie\u00dfen. Zun\u00e4chst einen ersten Eimer mit 15 Litern. Man sollte darauf achten, ob ein Siphon auftaucht, in dem das Wasser schnell verschwindet.<\/figcaption><\/figure>\n<figure class=\"wp-block-image size-large\"><img loading=\"lazy\" decoding=\"async\" width=\"768\" height=\"1024\" src=\"https:\/\/alpagrumi.ch\/wp-content\/uploads\/sites\/78\/2024\/03\/20240318_122339-768x1024.jpg\" alt=\"\" class=\"wp-image-14167\" srcset=\"https:\/\/alpagrumi.ch\/wp-content\/uploads\/sites\/78\/2024\/03\/20240318_122339-768x1024.jpg 768w, https:\/\/alpagrumi.ch\/wp-content\/uploads\/sites\/78\/2024\/03\/20240318_122339-225x300.jpg 225w, https:\/\/alpagrumi.ch\/wp-content\/uploads\/sites\/78\/2024\/03\/20240318_122339-1152x1536.jpg 1152w, https:\/\/alpagrumi.ch\/wp-content\/uploads\/sites\/78\/2024\/03\/20240318_122339-1536x2048.jpg 1536w, https:\/\/alpagrumi.ch\/wp-content\/uploads\/sites\/78\/2024\/03\/20240318_122339-1320x1760.jpg 1320w, https:\/\/alpagrumi.ch\/wp-content\/uploads\/sites\/78\/2024\/03\/20240318_122339-600x800.jpg 600w, https:\/\/alpagrumi.ch\/wp-content\/uploads\/sites\/78\/2024\/03\/20240318_122339-scaled.jpg 1920w\" sizes=\"(max-width: 768px) 100vw, 768px\" \/><figcaption class=\"wp-element-caption\">Beispiel f\u00fcr einen Siphon. Man f\u00fcllt es mit Erde auf und dr\u00fcckt es gut fest. Dann einen weiteren Eimer mit 15 Litern und nun sollte das Wasser langsamer eindringen.<\/figcaption><\/figure>\n<figure class=\"wp-block-image size-large\"><img loading=\"lazy\" decoding=\"async\" width=\"1024\" height=\"768\" src=\"https:\/\/alpagrumi.ch\/wp-content\/uploads\/sites\/78\/2024\/03\/20240324_155619-1024x768.jpg\" alt=\"\" class=\"wp-image-14204\" srcset=\"https:\/\/alpagrumi.ch\/wp-content\/uploads\/sites\/78\/2024\/03\/20240324_155619-1024x768.jpg 1024w, https:\/\/alpagrumi.ch\/wp-content\/uploads\/sites\/78\/2024\/03\/20240324_155619-300x225.jpg 300w, https:\/\/alpagrumi.ch\/wp-content\/uploads\/sites\/78\/2024\/03\/20240324_155619-768x576.jpg 768w, https:\/\/alpagrumi.ch\/wp-content\/uploads\/sites\/78\/2024\/03\/20240324_155619-1536x1152.jpg 1536w, https:\/\/alpagrumi.ch\/wp-content\/uploads\/sites\/78\/2024\/03\/20240324_155619-2048x1536.jpg 2048w, https:\/\/alpagrumi.ch\/wp-content\/uploads\/sites\/78\/2024\/03\/20240324_155619-1320x990.jpg 1320w, https:\/\/alpagrumi.ch\/wp-content\/uploads\/sites\/78\/2024\/03\/20240324_155619-600x450.jpg 600w\" sizes=\"(max-width: 1024px) 100vw, 1024px\" \/><figcaption class=\"wp-element-caption\">Mitte M\u00e4rz sind die Zitronenb\u00e4ume an ihrem Platz. Der ehemalige Stall sch\u00fctzt sie vor den Nordwinden.<\/figcaption><\/figure>\n<figure class=\"wp-block-image size-large\"><img loading=\"lazy\" decoding=\"async\" width=\"1024\" height=\"768\" src=\"https:\/\/alpagrumi.ch\/wp-content\/uploads\/sites\/78\/2024\/03\/20240324_155902-1024x768.jpg\" alt=\"\" class=\"wp-image-14216\" srcset=\"https:\/\/alpagrumi.ch\/wp-content\/uploads\/sites\/78\/2024\/03\/20240324_155902-1024x768.jpg 1024w, https:\/\/alpagrumi.ch\/wp-content\/uploads\/sites\/78\/2024\/03\/20240324_155902-300x225.jpg 300w, https:\/\/alpagrumi.ch\/wp-content\/uploads\/sites\/78\/2024\/03\/20240324_155902-768x576.jpg 768w, https:\/\/alpagrumi.ch\/wp-content\/uploads\/sites\/78\/2024\/03\/20240324_155902-1536x1152.jpg 1536w, https:\/\/alpagrumi.ch\/wp-content\/uploads\/sites\/78\/2024\/03\/20240324_155902-2048x1536.jpg 2048w, https:\/\/alpagrumi.ch\/wp-content\/uploads\/sites\/78\/2024\/03\/20240324_155902-1320x990.jpg 1320w, https:\/\/alpagrumi.ch\/wp-content\/uploads\/sites\/78\/2024\/03\/20240324_155902-600x450.jpg 600w\" sizes=\"(max-width: 1024px) 100vw, 1024px\" \/><figcaption class=\"wp-element-caption\">Und die ersten Reihen von Orangenb\u00e4umen werden gepflanzt, Navelina und Caracara. Die oberen Reihen sind ein wenig dem Wind ausgesetzt. Diejenigen weiter unten werden im Schutz des kleinen H\u00fcgels sein.  <\/figcaption><\/figure>\n<figure class=\"wp-block-image size-large\"><img loading=\"lazy\" decoding=\"async\" width=\"1024\" height=\"768\" src=\"https:\/\/alpagrumi.ch\/wp-content\/uploads\/sites\/78\/2024\/03\/20240324_155649-1024x768.jpg\" alt=\"\" class=\"wp-image-14220\" srcset=\"https:\/\/alpagrumi.ch\/wp-content\/uploads\/sites\/78\/2024\/03\/20240324_155649-1024x768.jpg 1024w, https:\/\/alpagrumi.ch\/wp-content\/uploads\/sites\/78\/2024\/03\/20240324_155649-300x225.jpg 300w, https:\/\/alpagrumi.ch\/wp-content\/uploads\/sites\/78\/2024\/03\/20240324_155649-768x576.jpg 768w, https:\/\/alpagrumi.ch\/wp-content\/uploads\/sites\/78\/2024\/03\/20240324_155649-1536x1152.jpg 1536w, https:\/\/alpagrumi.ch\/wp-content\/uploads\/sites\/78\/2024\/03\/20240324_155649-2048x1536.jpg 2048w, https:\/\/alpagrumi.ch\/wp-content\/uploads\/sites\/78\/2024\/03\/20240324_155649-1320x990.jpg 1320w, https:\/\/alpagrumi.ch\/wp-content\/uploads\/sites\/78\/2024\/03\/20240324_155649-600x450.jpg 600w\" sizes=\"(max-width: 1024px) 100vw, 1024px\" \/><figcaption class=\"wp-element-caption\">Es m\u00fcssen noch viele L\u00f6cher gebohrt und B\u00e4ume gepflanzt werden. Wir werden Ihnen das Endergebnis gegen Ende April zeigen.<\/figcaption><\/figure>","protected":false},"excerpt":{"rendered":"<p>In diesem Winter haben wir unseren letzten Merlot-Rebstock gerodet, etwa 600 Pflanzen. Die Reben werden durch 30 Orangenb\u00e4ume der Sorten Navelina und Caracara, 15 Meyer-Zitronenb\u00e4ume und 6 rosa Pomelo ersetzt. Auch Ichang lemon, Sudachi und Eremorange, 4 von jeder Sorte. Dann noch Pomelo Marumero, Tangelo Ambersweet, Kabosu, Korsischer Blutorangenbaum, Orangenbaum Fragola und Zitronenbaum Bignette, jeweils [&hellip;]<\/p>\n","protected":false},"author":3213,"featured_media":14227,"comment_status":"closed","ping_status":"open","sticky":false,"template":"","format":"standard","meta":{"_seopress_robots_primary_cat":"","_seopress_titles_title":"","_seopress_titles_desc":"","_seopress_robots_index":"","footnotes":""},"categories":[63],"tags":[],"class_list":["post-14230","post","type-post","status-publish","format-standard","has-post-thumbnail","hentry","category-news-de"],"_links":{"self":[{"href":"https:\/\/alpagrumi.ch\/de\/wp-json\/wp\/v2\/posts\/14230","targetHints":{"allow":["GET"]}}],"collection":[{"href":"https:\/\/alpagrumi.ch\/de\/wp-json\/wp\/v2\/posts"}],"about":[{"href":"https:\/\/alpagrumi.ch\/de\/wp-json\/wp\/v2\/types\/post"}],"author":[{"embeddable":true,"href":"https:\/\/alpagrumi.ch\/de\/wp-json\/wp\/v2\/users\/3213"}],"replies":[{"embeddable":true,"href":"https:\/\/alpagrumi.ch\/de\/wp-json\/wp\/v2\/comments?post=14230"}],"version-history":[{"count":0,"href":"https:\/\/alpagrumi.ch\/de\/wp-json\/wp\/v2\/posts\/14230\/revisions"}],"wp:featuredmedia":[{"embeddable":true,"href":"https:\/\/alpagrumi.ch\/de\/wp-json\/wp\/v2\/media\/14227"}],"wp:attachment":[{"href":"https:\/\/alpagrumi.ch\/de\/wp-json\/wp\/v2\/media?parent=14230"}],"wp:term":[{"taxonomy":"category","embeddable":true,"href":"https:\/\/alpagrumi.ch\/de\/wp-json\/wp\/v2\/categories?post=14230"},{"taxonomy":"post_tag","embeddable":true,"href":"https:\/\/alpagrumi.ch\/de\/wp-json\/wp\/v2\/tags?post=14230"}],"curies":[{"name":"wp","href":"https:\/\/api.w.org\/{rel}","templated":true}]}}