{"id":16295,"date":"2024-10-25T21:58:05","date_gmt":"2024-10-25T19:58:05","guid":{"rendered":"https:\/\/alpagrumi.ch\/kiwai-ernte\/"},"modified":"2024-10-25T21:58:23","modified_gmt":"2024-10-25T19:58:23","slug":"kiwai-ernte","status":"publish","type":"post","link":"https:\/\/alpagrumi.ch\/de\/kiwai-ernte\/","title":{"rendered":"Kiwai-Ernte"},"content":{"rendered":"\n<p>Die Kiwis (Actinidia arguta) geh\u00f6ren zur Familie der Kiwis (Actinidia deliciosa). Wie bei den meisten Kiwis werden f\u00fcr die Fr\u00fcchte in der Regel ein m\u00e4nnlicher und mehrere weibliche Kiwis gepflanzt. <\/p>\n\n<figure class=\"wp-block-image size-large\"><img fetchpriority=\"high\" decoding=\"async\" width=\"768\" height=\"1024\" src=\"https:\/\/alpagrumi.ch\/wp-content\/uploads\/sites\/78\/2024\/10\/20241004_104353-768x1024.jpg\" alt=\"\" class=\"wp-image-16213\" srcset=\"https:\/\/alpagrumi.ch\/wp-content\/uploads\/sites\/78\/2024\/10\/20241004_104353-768x1024.jpg 768w, https:\/\/alpagrumi.ch\/wp-content\/uploads\/sites\/78\/2024\/10\/20241004_104353-225x300.jpg 225w, https:\/\/alpagrumi.ch\/wp-content\/uploads\/sites\/78\/2024\/10\/20241004_104353-1152x1536.jpg 1152w, https:\/\/alpagrumi.ch\/wp-content\/uploads\/sites\/78\/2024\/10\/20241004_104353-1536x2048.jpg 1536w, https:\/\/alpagrumi.ch\/wp-content\/uploads\/sites\/78\/2024\/10\/20241004_104353-1320x1760.jpg 1320w, https:\/\/alpagrumi.ch\/wp-content\/uploads\/sites\/78\/2024\/10\/20241004_104353-600x800.jpg 600w, https:\/\/alpagrumi.ch\/wp-content\/uploads\/sites\/78\/2024\/10\/20241004_104353-scaled.jpg 1920w\" sizes=\"(max-width: 768px) 100vw, 768px\" \/><figcaption class=\"wp-element-caption\">Im oberen Teil unserer Parzelle sind sie am Rand gepflanzt, zwei weibliche und ein m\u00e4nnlicher Best\u00e4uber.  <\/figcaption><\/figure>\n<figure class=\"wp-block-image size-large\"><img decoding=\"async\" width=\"768\" height=\"1024\" src=\"https:\/\/alpagrumi.ch\/wp-content\/uploads\/sites\/78\/2024\/10\/20241004_104537-768x1024.jpg\" alt=\"\" class=\"wp-image-16217\" srcset=\"https:\/\/alpagrumi.ch\/wp-content\/uploads\/sites\/78\/2024\/10\/20241004_104537-768x1024.jpg 768w, https:\/\/alpagrumi.ch\/wp-content\/uploads\/sites\/78\/2024\/10\/20241004_104537-225x300.jpg 225w, https:\/\/alpagrumi.ch\/wp-content\/uploads\/sites\/78\/2024\/10\/20241004_104537-1152x1536.jpg 1152w, https:\/\/alpagrumi.ch\/wp-content\/uploads\/sites\/78\/2024\/10\/20241004_104537-1536x2048.jpg 1536w, https:\/\/alpagrumi.ch\/wp-content\/uploads\/sites\/78\/2024\/10\/20241004_104537-1320x1760.jpg 1320w, https:\/\/alpagrumi.ch\/wp-content\/uploads\/sites\/78\/2024\/10\/20241004_104537-600x800.jpg 600w, https:\/\/alpagrumi.ch\/wp-content\/uploads\/sites\/78\/2024\/10\/20241004_104537-scaled.jpg 1920w\" sizes=\"(max-width: 768px) 100vw, 768px\" \/><figcaption class=\"wp-element-caption\">Dies ist eine Kletterpflanze mit einem starken und chaotischen Wachstum, das manchmal schwer zu kontrollieren ist. Diese wurden vor 10 Jahren gepflanzt und kaum beschnitten. <\/figcaption><\/figure>\n<figure class=\"wp-block-image size-large\"><img decoding=\"async\" width=\"768\" height=\"1024\" src=\"https:\/\/alpagrumi.ch\/wp-content\/uploads\/sites\/78\/2024\/10\/20241004_104552-768x1024.jpg\" alt=\"\" class=\"wp-image-16221\" srcset=\"https:\/\/alpagrumi.ch\/wp-content\/uploads\/sites\/78\/2024\/10\/20241004_104552-768x1024.jpg 768w, https:\/\/alpagrumi.ch\/wp-content\/uploads\/sites\/78\/2024\/10\/20241004_104552-225x300.jpg 225w, https:\/\/alpagrumi.ch\/wp-content\/uploads\/sites\/78\/2024\/10\/20241004_104552-1152x1536.jpg 1152w, https:\/\/alpagrumi.ch\/wp-content\/uploads\/sites\/78\/2024\/10\/20241004_104552-1536x2048.jpg 1536w, https:\/\/alpagrumi.ch\/wp-content\/uploads\/sites\/78\/2024\/10\/20241004_104552-1320x1760.jpg 1320w, https:\/\/alpagrumi.ch\/wp-content\/uploads\/sites\/78\/2024\/10\/20241004_104552-600x800.jpg 600w, https:\/\/alpagrumi.ch\/wp-content\/uploads\/sites\/78\/2024\/10\/20241004_104552-scaled.jpg 1920w\" sizes=\"(max-width: 768px) 100vw, 768px\" \/><figcaption class=\"wp-element-caption\">Die Kiwis produzieren im Oktober eine gro\u00dfe Menge an Fr\u00fcchten, die jedes Jahr ziemlich zuverl\u00e4ssig und ohne besondere D\u00fcngung geerntet werden.<\/figcaption><\/figure>\n<figure class=\"wp-block-image size-large\"><img loading=\"lazy\" decoding=\"async\" width=\"768\" height=\"1024\" src=\"https:\/\/alpagrumi.ch\/wp-content\/uploads\/sites\/78\/2024\/10\/20241004_104639-768x1024.jpg\" alt=\"\" class=\"wp-image-16225\" srcset=\"https:\/\/alpagrumi.ch\/wp-content\/uploads\/sites\/78\/2024\/10\/20241004_104639-768x1024.jpg 768w, https:\/\/alpagrumi.ch\/wp-content\/uploads\/sites\/78\/2024\/10\/20241004_104639-225x300.jpg 225w, https:\/\/alpagrumi.ch\/wp-content\/uploads\/sites\/78\/2024\/10\/20241004_104639-1152x1536.jpg 1152w, https:\/\/alpagrumi.ch\/wp-content\/uploads\/sites\/78\/2024\/10\/20241004_104639-1536x2048.jpg 1536w, https:\/\/alpagrumi.ch\/wp-content\/uploads\/sites\/78\/2024\/10\/20241004_104639-1320x1760.jpg 1320w, https:\/\/alpagrumi.ch\/wp-content\/uploads\/sites\/78\/2024\/10\/20241004_104639-600x800.jpg 600w, https:\/\/alpagrumi.ch\/wp-content\/uploads\/sites\/78\/2024\/10\/20241004_104639-scaled.jpg 1920w\" sizes=\"(max-width: 768px) 100vw, 768px\" \/><figcaption class=\"wp-element-caption\">Die Fr\u00fcchte sind wie kleine, unbehaarte Kiwis, die in oft sehr dichten Trauben stehen.<\/figcaption><\/figure>\n<figure class=\"wp-block-image size-large\"><img loading=\"lazy\" decoding=\"async\" width=\"1024\" height=\"768\" src=\"https:\/\/alpagrumi.ch\/wp-content\/uploads\/sites\/78\/2024\/10\/20241004_104858-1024x768.jpg\" alt=\"\" class=\"wp-image-16229\" srcset=\"https:\/\/alpagrumi.ch\/wp-content\/uploads\/sites\/78\/2024\/10\/20241004_104858-1024x768.jpg 1024w, https:\/\/alpagrumi.ch\/wp-content\/uploads\/sites\/78\/2024\/10\/20241004_104858-300x225.jpg 300w, https:\/\/alpagrumi.ch\/wp-content\/uploads\/sites\/78\/2024\/10\/20241004_104858-768x576.jpg 768w, https:\/\/alpagrumi.ch\/wp-content\/uploads\/sites\/78\/2024\/10\/20241004_104858-1536x1152.jpg 1536w, https:\/\/alpagrumi.ch\/wp-content\/uploads\/sites\/78\/2024\/10\/20241004_104858-2048x1536.jpg 2048w, https:\/\/alpagrumi.ch\/wp-content\/uploads\/sites\/78\/2024\/10\/20241004_104858-1320x990.jpg 1320w, https:\/\/alpagrumi.ch\/wp-content\/uploads\/sites\/78\/2024\/10\/20241004_104858-600x450.jpg 600w\" sizes=\"(max-width: 1024px) 100vw, 1024px\" \/><figcaption class=\"wp-element-caption\">Sie werden im Ganzen mit der Schale gegessen, nachdem die wenigen Haare an der Spitze entfernt wurden.<\/figcaption><\/figure>\n<figure class=\"wp-block-image size-large\"><img loading=\"lazy\" decoding=\"async\" width=\"1024\" height=\"768\" src=\"https:\/\/alpagrumi.ch\/wp-content\/uploads\/sites\/78\/2024\/10\/20241004_104449-1024x768.jpg\" alt=\"\" class=\"wp-image-16233\" srcset=\"https:\/\/alpagrumi.ch\/wp-content\/uploads\/sites\/78\/2024\/10\/20241004_104449-1024x768.jpg 1024w, https:\/\/alpagrumi.ch\/wp-content\/uploads\/sites\/78\/2024\/10\/20241004_104449-300x225.jpg 300w, https:\/\/alpagrumi.ch\/wp-content\/uploads\/sites\/78\/2024\/10\/20241004_104449-768x576.jpg 768w, https:\/\/alpagrumi.ch\/wp-content\/uploads\/sites\/78\/2024\/10\/20241004_104449-1536x1152.jpg 1536w, https:\/\/alpagrumi.ch\/wp-content\/uploads\/sites\/78\/2024\/10\/20241004_104449-2048x1536.jpg 2048w, https:\/\/alpagrumi.ch\/wp-content\/uploads\/sites\/78\/2024\/10\/20241004_104449-1320x990.jpg 1320w, https:\/\/alpagrumi.ch\/wp-content\/uploads\/sites\/78\/2024\/10\/20241004_104449-600x450.jpg 600w\" sizes=\"(max-width: 1024px) 100vw, 1024px\" \/><figcaption class=\"wp-element-caption\">Um sie direkt vom Baum zu essen, m\u00fcssen Sie die reifen Fr\u00fcchte w\u00e4hlen. Es ist sehr schwer zu sehen, da es keine Farbver\u00e4nderung gibt. Die einzige M\u00f6glichkeit ist, die Fr\u00fcchte zu ber\u00fchren, wenn sie unter den Fingern etwas nachgeben, sind sie reif. Die harten Fr\u00fcchte sind noch nicht essbar.     <\/figcaption><\/figure>\n<figure class=\"wp-block-image size-large\"><img loading=\"lazy\" decoding=\"async\" width=\"768\" height=\"1024\" src=\"https:\/\/alpagrumi.ch\/wp-content\/uploads\/sites\/78\/2024\/10\/20241004_105109-768x1024.jpg\" alt=\"\" class=\"wp-image-16237\" srcset=\"https:\/\/alpagrumi.ch\/wp-content\/uploads\/sites\/78\/2024\/10\/20241004_105109-768x1024.jpg 768w, https:\/\/alpagrumi.ch\/wp-content\/uploads\/sites\/78\/2024\/10\/20241004_105109-225x300.jpg 225w, https:\/\/alpagrumi.ch\/wp-content\/uploads\/sites\/78\/2024\/10\/20241004_105109-1152x1536.jpg 1152w, https:\/\/alpagrumi.ch\/wp-content\/uploads\/sites\/78\/2024\/10\/20241004_105109-1536x2048.jpg 1536w, https:\/\/alpagrumi.ch\/wp-content\/uploads\/sites\/78\/2024\/10\/20241004_105109-1320x1760.jpg 1320w, https:\/\/alpagrumi.ch\/wp-content\/uploads\/sites\/78\/2024\/10\/20241004_105109-600x800.jpg 600w, https:\/\/alpagrumi.ch\/wp-content\/uploads\/sites\/78\/2024\/10\/20241004_105109-scaled.jpg 1920w\" sizes=\"(max-width: 768px) 100vw, 768px\" \/><figcaption class=\"wp-element-caption\">Die Reifung der Kiwis an der Pflanze erfolgt sehr allm\u00e4hlich, bei dieser Sorte (Kiwis Issai) von Mitte September bis Mitte Oktober. Sie brauchen Geduld, um nur die reifen auszuw\u00e4hlen. <\/figcaption><\/figure>\n<figure class=\"wp-block-image size-large\"><img loading=\"lazy\" decoding=\"async\" width=\"1024\" height=\"768\" src=\"https:\/\/alpagrumi.ch\/wp-content\/uploads\/sites\/78\/2024\/10\/20241019_122013-1024x768.jpg\" alt=\"\" class=\"wp-image-16241\" srcset=\"https:\/\/alpagrumi.ch\/wp-content\/uploads\/sites\/78\/2024\/10\/20241019_122013-1024x768.jpg 1024w, https:\/\/alpagrumi.ch\/wp-content\/uploads\/sites\/78\/2024\/10\/20241019_122013-300x225.jpg 300w, https:\/\/alpagrumi.ch\/wp-content\/uploads\/sites\/78\/2024\/10\/20241019_122013-768x576.jpg 768w, https:\/\/alpagrumi.ch\/wp-content\/uploads\/sites\/78\/2024\/10\/20241019_122013-1536x1152.jpg 1536w, https:\/\/alpagrumi.ch\/wp-content\/uploads\/sites\/78\/2024\/10\/20241019_122013-2048x1536.jpg 2048w, https:\/\/alpagrumi.ch\/wp-content\/uploads\/sites\/78\/2024\/10\/20241019_122013-1320x990.jpg 1320w, https:\/\/alpagrumi.ch\/wp-content\/uploads\/sites\/78\/2024\/10\/20241019_122013-600x450.jpg 600w\" sizes=\"(max-width: 1024px) 100vw, 1024px\" \/><figcaption class=\"wp-element-caption\">Sie k\u00f6nnen die Fr\u00fcchte auch noch hart pfl\u00fccken und zu Hause an einem k\u00fchlen Ort nachreifen lassen. Auch hier gilt, dass Sie von Zeit zu Zeit nachpr\u00fcfen sollten, ob die Fr\u00fcchte reif zum Verzehr sind. Selbst die h\u00e4rtesten Fr\u00fcchte werden weich und sind nach h\u00f6chstens einer Woche sehr gut.  <\/figcaption><\/figure>\n<figure class=\"wp-block-image size-large\"><img loading=\"lazy\" decoding=\"async\" width=\"1024\" height=\"768\" src=\"https:\/\/alpagrumi.ch\/wp-content\/uploads\/sites\/78\/2024\/10\/20241019_122218-1024x768.jpg\" alt=\"\" class=\"wp-image-16245\" srcset=\"https:\/\/alpagrumi.ch\/wp-content\/uploads\/sites\/78\/2024\/10\/20241019_122218-1024x768.jpg 1024w, https:\/\/alpagrumi.ch\/wp-content\/uploads\/sites\/78\/2024\/10\/20241019_122218-300x225.jpg 300w, https:\/\/alpagrumi.ch\/wp-content\/uploads\/sites\/78\/2024\/10\/20241019_122218-768x576.jpg 768w, https:\/\/alpagrumi.ch\/wp-content\/uploads\/sites\/78\/2024\/10\/20241019_122218-1536x1152.jpg 1536w, https:\/\/alpagrumi.ch\/wp-content\/uploads\/sites\/78\/2024\/10\/20241019_122218-2048x1536.jpg 2048w, https:\/\/alpagrumi.ch\/wp-content\/uploads\/sites\/78\/2024\/10\/20241019_122218-1320x990.jpg 1320w, https:\/\/alpagrumi.ch\/wp-content\/uploads\/sites\/78\/2024\/10\/20241019_122218-600x450.jpg 600w\" sizes=\"(max-width: 1024px) 100vw, 1024px\" \/><figcaption class=\"wp-element-caption\">Der Geschmack der Issai Kiwis ist au\u00dfergew\u00f6hnlich. Das weiche Fruchtfleisch \u00e4hnelt der Kiwi, ist aber je nach Reifegrad s\u00fc\u00dfer oder saurer. Die glatte Schale hat einen intensiven Geschmack, der an Lakritz erinnert. <\/figcaption><\/figure>\n<figure class=\"wp-block-image size-large\"><img loading=\"lazy\" decoding=\"async\" width=\"1024\" height=\"768\" src=\"https:\/\/alpagrumi.ch\/wp-content\/uploads\/sites\/78\/2024\/10\/20241019_122308-1024x768.jpg\" alt=\"\" class=\"wp-image-16249\" srcset=\"https:\/\/alpagrumi.ch\/wp-content\/uploads\/sites\/78\/2024\/10\/20241019_122308-1024x768.jpg 1024w, https:\/\/alpagrumi.ch\/wp-content\/uploads\/sites\/78\/2024\/10\/20241019_122308-300x225.jpg 300w, https:\/\/alpagrumi.ch\/wp-content\/uploads\/sites\/78\/2024\/10\/20241019_122308-768x576.jpg 768w, https:\/\/alpagrumi.ch\/wp-content\/uploads\/sites\/78\/2024\/10\/20241019_122308-1536x1152.jpg 1536w, https:\/\/alpagrumi.ch\/wp-content\/uploads\/sites\/78\/2024\/10\/20241019_122308-2048x1536.jpg 2048w, https:\/\/alpagrumi.ch\/wp-content\/uploads\/sites\/78\/2024\/10\/20241019_122308-1320x990.jpg 1320w, https:\/\/alpagrumi.ch\/wp-content\/uploads\/sites\/78\/2024\/10\/20241019_122308-600x450.jpg 600w\" sizes=\"(max-width: 1024px) 100vw, 1024px\" \/><figcaption class=\"wp-element-caption\">Sie k\u00f6nnen frisch verzehrt oder eingefroren werden, nachdem Sie die beiden Enden abgeschnitten haben: Stiel und Haare.  <br\/>Sie sind zu klein und die Samen werden l\u00e4stig.<\/figcaption><\/figure>\n<figure class=\"wp-block-image size-large\"><img loading=\"lazy\" decoding=\"async\" width=\"1024\" height=\"768\" src=\"https:\/\/alpagrumi.ch\/wp-content\/uploads\/sites\/78\/2024\/10\/20241019_122548-1024x768.jpg\" alt=\"\" class=\"wp-image-16253\" srcset=\"https:\/\/alpagrumi.ch\/wp-content\/uploads\/sites\/78\/2024\/10\/20241019_122548-1024x768.jpg 1024w, https:\/\/alpagrumi.ch\/wp-content\/uploads\/sites\/78\/2024\/10\/20241019_122548-300x225.jpg 300w, https:\/\/alpagrumi.ch\/wp-content\/uploads\/sites\/78\/2024\/10\/20241019_122548-768x576.jpg 768w, https:\/\/alpagrumi.ch\/wp-content\/uploads\/sites\/78\/2024\/10\/20241019_122548-1536x1152.jpg 1536w, https:\/\/alpagrumi.ch\/wp-content\/uploads\/sites\/78\/2024\/10\/20241019_122548-2048x1536.jpg 2048w, https:\/\/alpagrumi.ch\/wp-content\/uploads\/sites\/78\/2024\/10\/20241019_122548-1320x990.jpg 1320w, https:\/\/alpagrumi.ch\/wp-content\/uploads\/sites\/78\/2024\/10\/20241019_122548-600x450.jpg 600w\" sizes=\"(max-width: 1024px) 100vw, 1024px\" \/><figcaption class=\"wp-element-caption\">Es gibt viele Kiwai-Sorten, von denen jede ihren eigenen Best\u00e4uber hat. In dieser Hecke stehen 4 Weibchen und ein M\u00e4nnchen der Sorten Jumbo und Jumbo Red. <\/figcaption><\/figure>\n<figure class=\"wp-block-image size-large\"><img loading=\"lazy\" decoding=\"async\" width=\"1024\" height=\"768\" src=\"https:\/\/alpagrumi.ch\/wp-content\/uploads\/sites\/78\/2024\/10\/20241019_122649-1024x768.jpg\" alt=\"\" class=\"wp-image-16257\" srcset=\"https:\/\/alpagrumi.ch\/wp-content\/uploads\/sites\/78\/2024\/10\/20241019_122649-1024x768.jpg 1024w, https:\/\/alpagrumi.ch\/wp-content\/uploads\/sites\/78\/2024\/10\/20241019_122649-300x225.jpg 300w, https:\/\/alpagrumi.ch\/wp-content\/uploads\/sites\/78\/2024\/10\/20241019_122649-768x576.jpg 768w, https:\/\/alpagrumi.ch\/wp-content\/uploads\/sites\/78\/2024\/10\/20241019_122649-1536x1152.jpg 1536w, https:\/\/alpagrumi.ch\/wp-content\/uploads\/sites\/78\/2024\/10\/20241019_122649-2048x1536.jpg 2048w, https:\/\/alpagrumi.ch\/wp-content\/uploads\/sites\/78\/2024\/10\/20241019_122649-1320x990.jpg 1320w, https:\/\/alpagrumi.ch\/wp-content\/uploads\/sites\/78\/2024\/10\/20241019_122649-600x450.jpg 600w\" sizes=\"(max-width: 1024px) 100vw, 1024px\" \/><figcaption class=\"wp-element-caption\">Sie wurden vor 4 Jahren gepflanzt und sind bereits gut gewachsen, aber sie beginnen erst jetzt, etwas Fr\u00fcchte zu tragen.<\/figcaption><\/figure>\n<figure class=\"wp-block-image size-large\"><img loading=\"lazy\" decoding=\"async\" width=\"768\" height=\"1024\" src=\"https:\/\/alpagrumi.ch\/wp-content\/uploads\/sites\/78\/2024\/10\/20241019_122831-768x1024.jpg\" alt=\"\" class=\"wp-image-16261\" srcset=\"https:\/\/alpagrumi.ch\/wp-content\/uploads\/sites\/78\/2024\/10\/20241019_122831-768x1024.jpg 768w, https:\/\/alpagrumi.ch\/wp-content\/uploads\/sites\/78\/2024\/10\/20241019_122831-225x300.jpg 225w, https:\/\/alpagrumi.ch\/wp-content\/uploads\/sites\/78\/2024\/10\/20241019_122831-1152x1536.jpg 1152w, https:\/\/alpagrumi.ch\/wp-content\/uploads\/sites\/78\/2024\/10\/20241019_122831-1536x2048.jpg 1536w, https:\/\/alpagrumi.ch\/wp-content\/uploads\/sites\/78\/2024\/10\/20241019_122831-1320x1760.jpg 1320w, https:\/\/alpagrumi.ch\/wp-content\/uploads\/sites\/78\/2024\/10\/20241019_122831-600x800.jpg 600w, https:\/\/alpagrumi.ch\/wp-content\/uploads\/sites\/78\/2024\/10\/20241019_122831-scaled.jpg 1920w\" sizes=\"(max-width: 768px) 100vw, 768px\" \/><figcaption class=\"wp-element-caption\">Die Jumbo-Kiwai sind etwas sp\u00e4ter, etwa Mitte Oktober.<\/figcaption><\/figure>\n<figure class=\"wp-block-image size-large\"><img loading=\"lazy\" decoding=\"async\" width=\"768\" height=\"1024\" src=\"https:\/\/alpagrumi.ch\/wp-content\/uploads\/sites\/78\/2024\/10\/20241019_123035-768x1024.jpg\" alt=\"\" class=\"wp-image-16265\" srcset=\"https:\/\/alpagrumi.ch\/wp-content\/uploads\/sites\/78\/2024\/10\/20241019_123035-768x1024.jpg 768w, https:\/\/alpagrumi.ch\/wp-content\/uploads\/sites\/78\/2024\/10\/20241019_123035-225x300.jpg 225w, https:\/\/alpagrumi.ch\/wp-content\/uploads\/sites\/78\/2024\/10\/20241019_123035-1152x1536.jpg 1152w, https:\/\/alpagrumi.ch\/wp-content\/uploads\/sites\/78\/2024\/10\/20241019_123035-1536x2048.jpg 1536w, https:\/\/alpagrumi.ch\/wp-content\/uploads\/sites\/78\/2024\/10\/20241019_123035-1320x1760.jpg 1320w, https:\/\/alpagrumi.ch\/wp-content\/uploads\/sites\/78\/2024\/10\/20241019_123035-600x800.jpg 600w, https:\/\/alpagrumi.ch\/wp-content\/uploads\/sites\/78\/2024\/10\/20241019_123035-scaled.jpg 1920w\" sizes=\"(max-width: 768px) 100vw, 768px\" \/><figcaption class=\"wp-element-caption\">Sie erinnern an Mini-\u00c4pfel, aber der Kiwi-Geschmack ist sehr intensiv.  <\/figcaption><\/figure>\n<figure class=\"wp-block-image size-large\"><img loading=\"lazy\" decoding=\"async\" width=\"1024\" height=\"768\" src=\"https:\/\/alpagrumi.ch\/wp-content\/uploads\/sites\/78\/2024\/10\/20241019_123441-1024x768.jpg\" alt=\"\" class=\"wp-image-16269\" srcset=\"https:\/\/alpagrumi.ch\/wp-content\/uploads\/sites\/78\/2024\/10\/20241019_123441-1024x768.jpg 1024w, https:\/\/alpagrumi.ch\/wp-content\/uploads\/sites\/78\/2024\/10\/20241019_123441-300x225.jpg 300w, https:\/\/alpagrumi.ch\/wp-content\/uploads\/sites\/78\/2024\/10\/20241019_123441-768x576.jpg 768w, https:\/\/alpagrumi.ch\/wp-content\/uploads\/sites\/78\/2024\/10\/20241019_123441-1536x1152.jpg 1536w, https:\/\/alpagrumi.ch\/wp-content\/uploads\/sites\/78\/2024\/10\/20241019_123441-2048x1536.jpg 2048w, https:\/\/alpagrumi.ch\/wp-content\/uploads\/sites\/78\/2024\/10\/20241019_123441-1320x990.jpg 1320w, https:\/\/alpagrumi.ch\/wp-content\/uploads\/sites\/78\/2024\/10\/20241019_123441-600x450.jpg 600w\" sizes=\"(max-width: 1024px) 100vw, 1024px\" \/><figcaption class=\"wp-element-caption\">Die Schale ist etwas rot gef\u00e4rbt, das Fruchtfleisch ist sehr gr\u00fcn und der Geschmack ist ausgezeichnet.<\/figcaption><\/figure>\n<figure class=\"wp-block-image size-large\"><img loading=\"lazy\" decoding=\"async\" width=\"1024\" height=\"768\" src=\"https:\/\/alpagrumi.ch\/wp-content\/uploads\/sites\/78\/2024\/10\/20241019_125705-1024x768.jpg\" alt=\"\" class=\"wp-image-16273\" srcset=\"https:\/\/alpagrumi.ch\/wp-content\/uploads\/sites\/78\/2024\/10\/20241019_125705-1024x768.jpg 1024w, https:\/\/alpagrumi.ch\/wp-content\/uploads\/sites\/78\/2024\/10\/20241019_125705-300x225.jpg 300w, https:\/\/alpagrumi.ch\/wp-content\/uploads\/sites\/78\/2024\/10\/20241019_125705-768x576.jpg 768w, https:\/\/alpagrumi.ch\/wp-content\/uploads\/sites\/78\/2024\/10\/20241019_125705-1536x1152.jpg 1536w, https:\/\/alpagrumi.ch\/wp-content\/uploads\/sites\/78\/2024\/10\/20241019_125705-2048x1536.jpg 2048w, https:\/\/alpagrumi.ch\/wp-content\/uploads\/sites\/78\/2024\/10\/20241019_125705-1320x990.jpg 1320w, https:\/\/alpagrumi.ch\/wp-content\/uploads\/sites\/78\/2024\/10\/20241019_125705-600x450.jpg 600w\" sizes=\"(max-width: 1024px) 100vw, 1024px\" \/><figcaption class=\"wp-element-caption\">Links Kiwai Issai, rechts Kiwai Jumbo.<\/figcaption><\/figure>\n<figure class=\"wp-block-image size-large\"><img loading=\"lazy\" decoding=\"async\" width=\"768\" height=\"1024\" src=\"https:\/\/alpagrumi.ch\/wp-content\/uploads\/sites\/78\/2024\/10\/20241005_130515-768x1024.jpg\" alt=\"\" class=\"wp-image-16277\" srcset=\"https:\/\/alpagrumi.ch\/wp-content\/uploads\/sites\/78\/2024\/10\/20241005_130515-768x1024.jpg 768w, https:\/\/alpagrumi.ch\/wp-content\/uploads\/sites\/78\/2024\/10\/20241005_130515-225x300.jpg 225w, https:\/\/alpagrumi.ch\/wp-content\/uploads\/sites\/78\/2024\/10\/20241005_130515-1152x1536.jpg 1152w, https:\/\/alpagrumi.ch\/wp-content\/uploads\/sites\/78\/2024\/10\/20241005_130515-1536x2048.jpg 1536w, https:\/\/alpagrumi.ch\/wp-content\/uploads\/sites\/78\/2024\/10\/20241005_130515-1320x1760.jpg 1320w, https:\/\/alpagrumi.ch\/wp-content\/uploads\/sites\/78\/2024\/10\/20241005_130515-600x800.jpg 600w, https:\/\/alpagrumi.ch\/wp-content\/uploads\/sites\/78\/2024\/10\/20241005_130515-scaled.jpg 1920w\" sizes=\"(max-width: 768px) 100vw, 768px\" \/><figcaption class=\"wp-element-caption\">In der gleichen Zeit werden Feijoa-Guaven (Acca sellowiana) geerntet.<\/figcaption><\/figure>\n<figure class=\"wp-block-image size-large\"><img loading=\"lazy\" decoding=\"async\" width=\"768\" height=\"1024\" src=\"https:\/\/alpagrumi.ch\/wp-content\/uploads\/sites\/78\/2024\/10\/20241005_130358-768x1024.jpg\" alt=\"\" class=\"wp-image-16281\" srcset=\"https:\/\/alpagrumi.ch\/wp-content\/uploads\/sites\/78\/2024\/10\/20241005_130358-768x1024.jpg 768w, https:\/\/alpagrumi.ch\/wp-content\/uploads\/sites\/78\/2024\/10\/20241005_130358-225x300.jpg 225w, https:\/\/alpagrumi.ch\/wp-content\/uploads\/sites\/78\/2024\/10\/20241005_130358-1152x1536.jpg 1152w, https:\/\/alpagrumi.ch\/wp-content\/uploads\/sites\/78\/2024\/10\/20241005_130358-1536x2048.jpg 1536w, https:\/\/alpagrumi.ch\/wp-content\/uploads\/sites\/78\/2024\/10\/20241005_130358-1320x1760.jpg 1320w, https:\/\/alpagrumi.ch\/wp-content\/uploads\/sites\/78\/2024\/10\/20241005_130358-600x800.jpg 600w, https:\/\/alpagrumi.ch\/wp-content\/uploads\/sites\/78\/2024\/10\/20241005_130358-scaled.jpg 1920w\" sizes=\"(max-width: 768px) 100vw, 768px\" \/><figcaption class=\"wp-element-caption\">Die veredelten B\u00e4ume, die vor drei Jahren gepflanzt wurden, beginnen zu produzieren.  <br\/>Sie machen gr\u00f6\u00dfere Fr\u00fcchte, was sehr deutlich ist. Dies ist die Sorte &#8222;Unique&#8220;. <\/figcaption><\/figure>\n<figure class=\"wp-block-image size-large\"><img loading=\"lazy\" decoding=\"async\" width=\"1024\" height=\"768\" src=\"https:\/\/alpagrumi.ch\/wp-content\/uploads\/sites\/78\/2024\/10\/20241005_131403-1024x768.jpg\" alt=\"\" class=\"wp-image-16285\" srcset=\"https:\/\/alpagrumi.ch\/wp-content\/uploads\/sites\/78\/2024\/10\/20241005_131403-1024x768.jpg 1024w, https:\/\/alpagrumi.ch\/wp-content\/uploads\/sites\/78\/2024\/10\/20241005_131403-300x225.jpg 300w, https:\/\/alpagrumi.ch\/wp-content\/uploads\/sites\/78\/2024\/10\/20241005_131403-768x576.jpg 768w, https:\/\/alpagrumi.ch\/wp-content\/uploads\/sites\/78\/2024\/10\/20241005_131403-1536x1152.jpg 1536w, https:\/\/alpagrumi.ch\/wp-content\/uploads\/sites\/78\/2024\/10\/20241005_131403-2048x1536.jpg 2048w, https:\/\/alpagrumi.ch\/wp-content\/uploads\/sites\/78\/2024\/10\/20241005_131403-1320x990.jpg 1320w, https:\/\/alpagrumi.ch\/wp-content\/uploads\/sites\/78\/2024\/10\/20241005_131403-600x450.jpg 600w\" sizes=\"(max-width: 1024px) 100vw, 1024px\" \/><figcaption class=\"wp-element-caption\">Auch die Mandarinen stehen kurz vor der Ernte. Wir werden in K\u00fcrze dar\u00fcber berichten. <\/figcaption><\/figure>\n<p><\/p>\n","protected":false},"excerpt":{"rendered":"<p>Die Kiwis (Actinidia arguta) geh\u00f6ren zur Familie der Kiwis (Actinidia deliciosa). Wie bei den meisten Kiwis werden f\u00fcr die Fr\u00fcchte in der Regel ein m\u00e4nnlicher und mehrere weibliche Kiwis gepflanzt.<\/p>\n","protected":false},"author":3213,"featured_media":16292,"comment_status":"closed","ping_status":"open","sticky":false,"template":"","format":"standard","meta":{"_seopress_robots_primary_cat":"","_seopress_titles_title":"","_seopress_titles_desc":"","_seopress_robots_index":"","footnotes":""},"categories":[63],"tags":[],"class_list":["post-16295","post","type-post","status-publish","format-standard","has-post-thumbnail","hentry","category-news-de"],"_links":{"self":[{"href":"https:\/\/alpagrumi.ch\/de\/wp-json\/wp\/v2\/posts\/16295","targetHints":{"allow":["GET"]}}],"collection":[{"href":"https:\/\/alpagrumi.ch\/de\/wp-json\/wp\/v2\/posts"}],"about":[{"href":"https:\/\/alpagrumi.ch\/de\/wp-json\/wp\/v2\/types\/post"}],"author":[{"embeddable":true,"href":"https:\/\/alpagrumi.ch\/de\/wp-json\/wp\/v2\/users\/3213"}],"replies":[{"embeddable":true,"href":"https:\/\/alpagrumi.ch\/de\/wp-json\/wp\/v2\/comments?post=16295"}],"version-history":[{"count":0,"href":"https:\/\/alpagrumi.ch\/de\/wp-json\/wp\/v2\/posts\/16295\/revisions"}],"wp:featuredmedia":[{"embeddable":true,"href":"https:\/\/alpagrumi.ch\/de\/wp-json\/wp\/v2\/media\/16292"}],"wp:attachment":[{"href":"https:\/\/alpagrumi.ch\/de\/wp-json\/wp\/v2\/media?parent=16295"}],"wp:term":[{"taxonomy":"category","embeddable":true,"href":"https:\/\/alpagrumi.ch\/de\/wp-json\/wp\/v2\/categories?post=16295"},{"taxonomy":"post_tag","embeddable":true,"href":"https:\/\/alpagrumi.ch\/de\/wp-json\/wp\/v2\/tags?post=16295"}],"curies":[{"name":"wp","href":"https:\/\/api.w.org\/{rel}","templated":true}]}}