{"id":16419,"date":"2024-11-16T20:05:42","date_gmt":"2024-11-16T19:05:42","guid":{"rendered":"https:\/\/alpagrumi.ch\/ernte-der-baby-kiwis\/"},"modified":"2024-11-16T20:12:20","modified_gmt":"2024-11-16T19:12:20","slug":"ernte-der-baby-kiwis","status":"publish","type":"post","link":"https:\/\/alpagrumi.ch\/de\/ernte-der-baby-kiwis\/","title":{"rendered":"Ernte der Baby-Kiwis"},"content":{"rendered":"\n<p>Zwischen dem Gem\u00fcsegarten und dem Zitrusgarten gibt es einen gro\u00dfen Felsen, der etwa 4 Meter hoch ist. Wir haben Kiwis an seinem Fu\u00df gepflanzt. <\/p>\n\n<figure class=\"wp-block-image size-full\"><img fetchpriority=\"high\" decoding=\"async\" width=\"4624\" height=\"3468\" src=\"https:\/\/alpagrumi.ch\/wp-content\/uploads\/sites\/78\/2024\/11\/20241112_104403.jpg\" alt=\"\" class=\"wp-image-16359\" \/><figcaption class=\"wp-element-caption\">Sie sind seitdem geklettert und sind nun oben angekommen.<\/figcaption><\/figure>\n<figure class=\"wp-block-image size-full\"><img decoding=\"async\" width=\"4624\" height=\"3468\" src=\"https:\/\/alpagrumi.ch\/wp-content\/uploads\/sites\/78\/2024\/11\/20241112_104226.jpg\" alt=\"\" class=\"wp-image-16363\" \/><figcaption class=\"wp-element-caption\">Nur zwei Pflanzen, eine weibliche und eine m\u00e4nnliche. Innerhalb weniger Jahre bedeckten sie den gesamten Felsen. <\/figcaption><\/figure>\n<figure class=\"wp-block-image size-full\"><img decoding=\"async\" width=\"4624\" height=\"3468\" src=\"https:\/\/alpagrumi.ch\/wp-content\/uploads\/sites\/78\/2024\/11\/20241112_095423.jpg\" alt=\"\" class=\"wp-image-16355\" \/><figcaption class=\"wp-element-caption\">Von oben gesehen, \u00fcber den Mandarinenb\u00e4umen.<\/figcaption><\/figure>\n<figure class=\"wp-block-image size-full\"><img loading=\"lazy\" decoding=\"async\" width=\"4624\" height=\"3468\" src=\"https:\/\/alpagrumi.ch\/wp-content\/uploads\/sites\/78\/2024\/11\/20241112_095609.jpg\" alt=\"\" class=\"wp-image-16367\" \/><figcaption class=\"wp-element-caption\">Um zu den Fr\u00fcchten zu gelangen, f\u00fchrt eine Treppe am Felsen hinunter.<\/figcaption><\/figure>\n<figure class=\"wp-block-image size-full\"><img loading=\"lazy\" decoding=\"async\" width=\"4624\" height=\"3468\" src=\"https:\/\/alpagrumi.ch\/wp-content\/uploads\/sites\/78\/2024\/11\/20241112_095649.jpg\" alt=\"\" class=\"wp-image-16371\" \/><figcaption class=\"wp-element-caption\">Die Treppe f\u00fchrt zu einer Plattform und einem Kiwitunnel.<\/figcaption><\/figure>\n<figure class=\"wp-block-image size-full\"><img loading=\"lazy\" decoding=\"async\" width=\"4624\" height=\"3468\" src=\"https:\/\/alpagrumi.ch\/wp-content\/uploads\/sites\/78\/2024\/11\/20241112_101916.jpg\" alt=\"\" class=\"wp-image-16375\" \/><figcaption class=\"wp-element-caption\">Dies ist recht praktisch, auch wenn einige Fr\u00fcchte schwer zu erreichen sind.  <\/figcaption><\/figure>\n<figure class=\"wp-block-image size-full\"><img loading=\"lazy\" decoding=\"async\" width=\"4624\" height=\"3468\" src=\"https:\/\/alpagrumi.ch\/wp-content\/uploads\/sites\/78\/2024\/11\/20241112_095541.jpg\" alt=\"\" class=\"wp-image-16395\" \/><figcaption class=\"wp-element-caption\">Baby-Kiwis sind klein, wachsen aber in sehr dichten Trauben.<\/figcaption><\/figure>\n<figure class=\"wp-block-image size-full\"><img loading=\"lazy\" decoding=\"async\" width=\"4624\" height=\"3468\" src=\"https:\/\/alpagrumi.ch\/wp-content\/uploads\/sites\/78\/2024\/11\/20241112_095459.jpg\" alt=\"\" class=\"wp-image-16383\" \/><figcaption class=\"wp-element-caption\">Der Baum ist noch jung, 7 oder 8 Jahre alt, und die Fr\u00fcchte scheinen jedes Jahr etwas gr\u00f6\u00dfer zu werden. Vielleicht werden sie irgendwann zu normal gro\u00dfen Kiwis heranwachsen.   <\/figcaption><\/figure>\n<figure class=\"wp-block-image size-full\"><img loading=\"lazy\" decoding=\"async\" width=\"4624\" height=\"3468\" src=\"https:\/\/alpagrumi.ch\/wp-content\/uploads\/sites\/78\/2024\/11\/20241112_095705.jpg\" alt=\"\" class=\"wp-image-16387\" \/><figcaption class=\"wp-element-caption\">Im Moment sind es Baby-Kiwis, die 3 bis 4 cm gro\u00df sind.<\/figcaption><\/figure>\n<figure class=\"wp-block-image size-full\"><img loading=\"lazy\" decoding=\"async\" width=\"4624\" height=\"3468\" src=\"https:\/\/alpagrumi.ch\/wp-content\/uploads\/sites\/78\/2024\/11\/20241112_102001.jpg\" alt=\"\" class=\"wp-image-16391\" \/><figcaption class=\"wp-element-caption\">Man kann schnell Kisten damit f\u00fcllen. Auf der Pflanze befinden sich wahrscheinlich 40-50 kg. <\/figcaption><\/figure>\n<figure class=\"wp-block-image size-full\"><img loading=\"lazy\" decoding=\"async\" width=\"4624\" height=\"3468\" src=\"https:\/\/alpagrumi.ch\/wp-content\/uploads\/sites\/78\/2024\/11\/20241113_105822.jpg\" alt=\"\" class=\"wp-image-16400\" \/><\/figure>\n<p>Sie schmecken wie die gro\u00dfen Kiwis, vielleicht etwas s\u00fc\u00dfer.<\/p>\n\n<figure class=\"wp-block-image size-full\"><img loading=\"lazy\" decoding=\"async\" width=\"4624\" height=\"3468\" src=\"https:\/\/alpagrumi.ch\/wp-content\/uploads\/sites\/78\/2024\/11\/20241113_105933.jpg\" alt=\"\" class=\"wp-image-16404\" \/><figcaption class=\"wp-element-caption\">Und sie haben nur die Gr\u00f6\u00dfe eines L\u00f6ffels.  <\/figcaption><\/figure>\n<figure class=\"wp-block-image size-full\"><img loading=\"lazy\" decoding=\"async\" width=\"4624\" height=\"3468\" src=\"https:\/\/alpagrumi.ch\/wp-content\/uploads\/sites\/78\/2024\/11\/20241112_110922.jpg\" alt=\"\" class=\"wp-image-16408\" \/><figcaption class=\"wp-element-caption\">In K\u00fcrze werden die Mandarinen geerntet.<\/figcaption><\/figure>","protected":false},"excerpt":{"rendered":"<p>Zwischen dem Gem\u00fcsegarten und dem Zitrusgarten gibt es einen gro\u00dfen Felsen, der etwa 4 Meter hoch ist. Wir haben Kiwis an seinem Fu\u00df gepflanzt. Sie schmecken wie die gro\u00dfen Kiwis, vielleicht etwas s\u00fc\u00dfer.<\/p>\n","protected":false},"author":3213,"featured_media":16427,"comment_status":"closed","ping_status":"open","sticky":false,"template":"","format":"standard","meta":{"_seopress_robots_primary_cat":"","_seopress_titles_title":"","_seopress_titles_desc":"","_seopress_robots_index":"","footnotes":""},"categories":[63],"tags":[],"class_list":["post-16419","post","type-post","status-publish","format-standard","has-post-thumbnail","hentry","category-news-de"],"_links":{"self":[{"href":"https:\/\/alpagrumi.ch\/de\/wp-json\/wp\/v2\/posts\/16419","targetHints":{"allow":["GET"]}}],"collection":[{"href":"https:\/\/alpagrumi.ch\/de\/wp-json\/wp\/v2\/posts"}],"about":[{"href":"https:\/\/alpagrumi.ch\/de\/wp-json\/wp\/v2\/types\/post"}],"author":[{"embeddable":true,"href":"https:\/\/alpagrumi.ch\/de\/wp-json\/wp\/v2\/users\/3213"}],"replies":[{"embeddable":true,"href":"https:\/\/alpagrumi.ch\/de\/wp-json\/wp\/v2\/comments?post=16419"}],"version-history":[{"count":0,"href":"https:\/\/alpagrumi.ch\/de\/wp-json\/wp\/v2\/posts\/16419\/revisions"}],"wp:featuredmedia":[{"embeddable":true,"href":"https:\/\/alpagrumi.ch\/de\/wp-json\/wp\/v2\/media\/16427"}],"wp:attachment":[{"href":"https:\/\/alpagrumi.ch\/de\/wp-json\/wp\/v2\/media?parent=16419"}],"wp:term":[{"taxonomy":"category","embeddable":true,"href":"https:\/\/alpagrumi.ch\/de\/wp-json\/wp\/v2\/categories?post=16419"},{"taxonomy":"post_tag","embeddable":true,"href":"https:\/\/alpagrumi.ch\/de\/wp-json\/wp\/v2\/tags?post=16419"}],"curies":[{"name":"wp","href":"https:\/\/api.w.org\/{rel}","templated":true}]}}