{"id":16563,"date":"2024-11-21T22:30:27","date_gmt":"2024-11-21T21:30:27","guid":{"rendered":"https:\/\/alpagrumi.ch\/zitronenkonfituere\/"},"modified":"2024-11-21T22:54:33","modified_gmt":"2024-11-21T21:54:33","slug":"zitronenkonfituere","status":"publish","type":"post","link":"https:\/\/alpagrumi.ch\/de\/zitronenkonfituere\/","title":{"rendered":"Zitronenkonfit\u00fcre"},"content":{"rendered":"\n<p>Im November f\u00e4rben sich die Meyer-Zitronen gelb.  <br\/>Da sie in H\u00fclle und F\u00fclle vorhanden sind, werden wir daraus Marmelade machen.  <\/p>\n\n<figure class=\"wp-block-image size-large\"><img fetchpriority=\"high\" decoding=\"async\" width=\"1024\" height=\"768\" src=\"https:\/\/alpagrumi.ch\/wp-content\/uploads\/sites\/78\/2024\/11\/20241113_103232-1024x768.jpg\" alt=\"\" class=\"wp-image-16466\" srcset=\"https:\/\/alpagrumi.ch\/wp-content\/uploads\/sites\/78\/2024\/11\/20241113_103232-1024x768.jpg 1024w, https:\/\/alpagrumi.ch\/wp-content\/uploads\/sites\/78\/2024\/11\/20241113_103232-300x225.jpg 300w, https:\/\/alpagrumi.ch\/wp-content\/uploads\/sites\/78\/2024\/11\/20241113_103232-768x576.jpg 768w, https:\/\/alpagrumi.ch\/wp-content\/uploads\/sites\/78\/2024\/11\/20241113_103232-1536x1152.jpg 1536w, https:\/\/alpagrumi.ch\/wp-content\/uploads\/sites\/78\/2024\/11\/20241113_103232-2048x1536.jpg 2048w, https:\/\/alpagrumi.ch\/wp-content\/uploads\/sites\/78\/2024\/11\/20241113_103232-1320x990.jpg 1320w, https:\/\/alpagrumi.ch\/wp-content\/uploads\/sites\/78\/2024\/11\/20241113_103232-600x450.jpg 600w\" sizes=\"(max-width: 1024px) 100vw, 1024px\" \/><figcaption class=\"wp-element-caption\">Einige B\u00e4ume produzieren etwas zu viele Zitronen. Dieser Baum wurde im Freiland vor einer Steinmauer gepflanzt. <\/figcaption><\/figure>\n<figure class=\"wp-block-image size-large\"><img decoding=\"async\" width=\"1024\" height=\"768\" src=\"https:\/\/alpagrumi.ch\/wp-content\/uploads\/sites\/78\/2024\/11\/20241117_103936-1024x768.jpg\" alt=\"\" class=\"wp-image-16470\" srcset=\"https:\/\/alpagrumi.ch\/wp-content\/uploads\/sites\/78\/2024\/11\/20241117_103936-1024x768.jpg 1024w, https:\/\/alpagrumi.ch\/wp-content\/uploads\/sites\/78\/2024\/11\/20241117_103936-300x225.jpg 300w, https:\/\/alpagrumi.ch\/wp-content\/uploads\/sites\/78\/2024\/11\/20241117_103936-768x576.jpg 768w, https:\/\/alpagrumi.ch\/wp-content\/uploads\/sites\/78\/2024\/11\/20241117_103936-1536x1152.jpg 1536w, https:\/\/alpagrumi.ch\/wp-content\/uploads\/sites\/78\/2024\/11\/20241117_103936-2048x1536.jpg 2048w, https:\/\/alpagrumi.ch\/wp-content\/uploads\/sites\/78\/2024\/11\/20241117_103936-1320x990.jpg 1320w, https:\/\/alpagrumi.ch\/wp-content\/uploads\/sites\/78\/2024\/11\/20241117_103936-600x450.jpg 600w\" sizes=\"(max-width: 1024px) 100vw, 1024px\" \/><figcaption class=\"wp-element-caption\">Auch in T\u00f6pfen k\u00f6nnen Meyer-Zitronenb\u00e4ume viel produzieren, aber die Zitronen sind kleiner.<\/figcaption><\/figure>\n<figure class=\"wp-block-image size-large\"><img decoding=\"async\" width=\"1024\" height=\"768\" src=\"https:\/\/alpagrumi.ch\/wp-content\/uploads\/sites\/78\/2024\/11\/20241111_203043-1024x768.jpg\" alt=\"\" class=\"wp-image-16474\" srcset=\"https:\/\/alpagrumi.ch\/wp-content\/uploads\/sites\/78\/2024\/11\/20241111_203043-1024x768.jpg 1024w, https:\/\/alpagrumi.ch\/wp-content\/uploads\/sites\/78\/2024\/11\/20241111_203043-300x225.jpg 300w, https:\/\/alpagrumi.ch\/wp-content\/uploads\/sites\/78\/2024\/11\/20241111_203043-768x576.jpg 768w, https:\/\/alpagrumi.ch\/wp-content\/uploads\/sites\/78\/2024\/11\/20241111_203043-1536x1152.jpg 1536w, https:\/\/alpagrumi.ch\/wp-content\/uploads\/sites\/78\/2024\/11\/20241111_203043-2048x1536.jpg 2048w, https:\/\/alpagrumi.ch\/wp-content\/uploads\/sites\/78\/2024\/11\/20241111_203043-1320x990.jpg 1320w, https:\/\/alpagrumi.ch\/wp-content\/uploads\/sites\/78\/2024\/11\/20241111_203043-600x450.jpg 600w\" sizes=\"(max-width: 1024px) 100vw, 1024px\" \/><figcaption class=\"wp-element-caption\">Wir nahmen etwa zwei Kilogramm ein.<\/figcaption><\/figure>\n<figure class=\"wp-block-image size-large\"><img loading=\"lazy\" decoding=\"async\" width=\"1024\" height=\"768\" src=\"https:\/\/alpagrumi.ch\/wp-content\/uploads\/sites\/78\/2024\/11\/20241111_202830-3-1024x768.jpg\" alt=\"\" class=\"wp-image-16482\" srcset=\"https:\/\/alpagrumi.ch\/wp-content\/uploads\/sites\/78\/2024\/11\/20241111_202830-3-1024x768.jpg 1024w, https:\/\/alpagrumi.ch\/wp-content\/uploads\/sites\/78\/2024\/11\/20241111_202830-3-300x225.jpg 300w, https:\/\/alpagrumi.ch\/wp-content\/uploads\/sites\/78\/2024\/11\/20241111_202830-3-768x576.jpg 768w, https:\/\/alpagrumi.ch\/wp-content\/uploads\/sites\/78\/2024\/11\/20241111_202830-3-1536x1152.jpg 1536w, https:\/\/alpagrumi.ch\/wp-content\/uploads\/sites\/78\/2024\/11\/20241111_202830-3-2048x1536.jpg 2048w, https:\/\/alpagrumi.ch\/wp-content\/uploads\/sites\/78\/2024\/11\/20241111_202830-3-1320x990.jpg 1320w, https:\/\/alpagrumi.ch\/wp-content\/uploads\/sites\/78\/2024\/11\/20241111_202830-3-600x450.jpg 600w\" sizes=\"(max-width: 1024px) 100vw, 1024px\" \/><figcaption class=\"wp-element-caption\">Nachdem Sie die Zitronen gewaschen haben, schneiden Sie sie in d\u00fcnne Scheiben.<\/figcaption><\/figure>\n<figure class=\"wp-block-image size-large\"><img loading=\"lazy\" decoding=\"async\" width=\"1024\" height=\"768\" src=\"https:\/\/alpagrumi.ch\/wp-content\/uploads\/sites\/78\/2024\/11\/20241111_203201-1024x768.jpg\" alt=\"\" class=\"wp-image-16487\" srcset=\"https:\/\/alpagrumi.ch\/wp-content\/uploads\/sites\/78\/2024\/11\/20241111_203201-1024x768.jpg 1024w, https:\/\/alpagrumi.ch\/wp-content\/uploads\/sites\/78\/2024\/11\/20241111_203201-300x225.jpg 300w, https:\/\/alpagrumi.ch\/wp-content\/uploads\/sites\/78\/2024\/11\/20241111_203201-768x576.jpg 768w, https:\/\/alpagrumi.ch\/wp-content\/uploads\/sites\/78\/2024\/11\/20241111_203201-1536x1152.jpg 1536w, https:\/\/alpagrumi.ch\/wp-content\/uploads\/sites\/78\/2024\/11\/20241111_203201-2048x1536.jpg 2048w, https:\/\/alpagrumi.ch\/wp-content\/uploads\/sites\/78\/2024\/11\/20241111_203201-1320x990.jpg 1320w, https:\/\/alpagrumi.ch\/wp-content\/uploads\/sites\/78\/2024\/11\/20241111_203201-600x450.jpg 600w\" sizes=\"(max-width: 1024px) 100vw, 1024px\" \/><figcaption class=\"wp-element-caption\">Indem Sie zun\u00e4chst beide Enden abschneiden und entsorgen.<\/figcaption><\/figure>\n<figure class=\"wp-block-image size-large\"><img loading=\"lazy\" decoding=\"async\" width=\"1024\" height=\"768\" src=\"https:\/\/alpagrumi.ch\/wp-content\/uploads\/sites\/78\/2024\/11\/20241111_203313-1024x768.jpg\" alt=\"\" class=\"wp-image-16491\" srcset=\"https:\/\/alpagrumi.ch\/wp-content\/uploads\/sites\/78\/2024\/11\/20241111_203313-1024x768.jpg 1024w, https:\/\/alpagrumi.ch\/wp-content\/uploads\/sites\/78\/2024\/11\/20241111_203313-300x225.jpg 300w, https:\/\/alpagrumi.ch\/wp-content\/uploads\/sites\/78\/2024\/11\/20241111_203313-768x576.jpg 768w, https:\/\/alpagrumi.ch\/wp-content\/uploads\/sites\/78\/2024\/11\/20241111_203313-1536x1152.jpg 1536w, https:\/\/alpagrumi.ch\/wp-content\/uploads\/sites\/78\/2024\/11\/20241111_203313-2048x1536.jpg 2048w, https:\/\/alpagrumi.ch\/wp-content\/uploads\/sites\/78\/2024\/11\/20241111_203313-1320x990.jpg 1320w, https:\/\/alpagrumi.ch\/wp-content\/uploads\/sites\/78\/2024\/11\/20241111_203313-600x450.jpg 600w\" sizes=\"(max-width: 1024px) 100vw, 1024px\" \/><figcaption class=\"wp-element-caption\">Dann in d\u00fcnne Scheiben schneiden, maximal 1 mm. Sie ben\u00f6tigen ein sehr scharfes Messer.   <\/figcaption><\/figure>\n<figure class=\"wp-block-image size-large\"><img loading=\"lazy\" decoding=\"async\" width=\"1024\" height=\"768\" src=\"https:\/\/alpagrumi.ch\/wp-content\/uploads\/sites\/78\/2024\/11\/20241111_203355-1024x768.jpg\" alt=\"\" class=\"wp-image-16495\" srcset=\"https:\/\/alpagrumi.ch\/wp-content\/uploads\/sites\/78\/2024\/11\/20241111_203355-1024x768.jpg 1024w, https:\/\/alpagrumi.ch\/wp-content\/uploads\/sites\/78\/2024\/11\/20241111_203355-300x225.jpg 300w, https:\/\/alpagrumi.ch\/wp-content\/uploads\/sites\/78\/2024\/11\/20241111_203355-768x576.jpg 768w, https:\/\/alpagrumi.ch\/wp-content\/uploads\/sites\/78\/2024\/11\/20241111_203355-1536x1152.jpg 1536w, https:\/\/alpagrumi.ch\/wp-content\/uploads\/sites\/78\/2024\/11\/20241111_203355-2048x1536.jpg 2048w, https:\/\/alpagrumi.ch\/wp-content\/uploads\/sites\/78\/2024\/11\/20241111_203355-1320x990.jpg 1320w, https:\/\/alpagrumi.ch\/wp-content\/uploads\/sites\/78\/2024\/11\/20241111_203355-600x450.jpg 600w\" sizes=\"(max-width: 1024px) 100vw, 1024px\" \/><figcaption class=\"wp-element-caption\">Um die Schale zu verwenden, m\u00fcssen Sie sicher sein, dass die Zitronen nicht chemisch behandelt wurden.<\/figcaption><\/figure>\n<figure class=\"wp-block-image size-large\"><img loading=\"lazy\" decoding=\"async\" width=\"768\" height=\"1024\" src=\"https:\/\/alpagrumi.ch\/wp-content\/uploads\/sites\/78\/2024\/11\/20241111_205323-768x1024.jpg\" alt=\"\" class=\"wp-image-16503\" srcset=\"https:\/\/alpagrumi.ch\/wp-content\/uploads\/sites\/78\/2024\/11\/20241111_205323-768x1024.jpg 768w, https:\/\/alpagrumi.ch\/wp-content\/uploads\/sites\/78\/2024\/11\/20241111_205323-225x300.jpg 225w, https:\/\/alpagrumi.ch\/wp-content\/uploads\/sites\/78\/2024\/11\/20241111_205323-1152x1536.jpg 1152w, https:\/\/alpagrumi.ch\/wp-content\/uploads\/sites\/78\/2024\/11\/20241111_205323-1536x2048.jpg 1536w, https:\/\/alpagrumi.ch\/wp-content\/uploads\/sites\/78\/2024\/11\/20241111_205323-1320x1760.jpg 1320w, https:\/\/alpagrumi.ch\/wp-content\/uploads\/sites\/78\/2024\/11\/20241111_205323-600x800.jpg 600w, https:\/\/alpagrumi.ch\/wp-content\/uploads\/sites\/78\/2024\/11\/20241111_205323-scaled.jpg 1920w\" sizes=\"(max-width: 768px) 100vw, 768px\" \/><figcaption class=\"wp-element-caption\">Nach dem Schneiden und Entfernen der Samen betr\u00e4gt das Gewicht 1,5 kg.  <br\/>Die in Scheiben geschnittenen Zitronen werden dann abgesp\u00fclt, um den S\u00e4uregehalt zu verringern.<\/figcaption><\/figure>\n<figure class=\"wp-block-image size-large\"><img loading=\"lazy\" decoding=\"async\" width=\"1024\" height=\"768\" src=\"https:\/\/alpagrumi.ch\/wp-content\/uploads\/sites\/78\/2024\/11\/20241111_210824-1024x768.jpg\" alt=\"\" class=\"wp-image-16499\" srcset=\"https:\/\/alpagrumi.ch\/wp-content\/uploads\/sites\/78\/2024\/11\/20241111_210824-1024x768.jpg 1024w, https:\/\/alpagrumi.ch\/wp-content\/uploads\/sites\/78\/2024\/11\/20241111_210824-300x225.jpg 300w, https:\/\/alpagrumi.ch\/wp-content\/uploads\/sites\/78\/2024\/11\/20241111_210824-768x576.jpg 768w, https:\/\/alpagrumi.ch\/wp-content\/uploads\/sites\/78\/2024\/11\/20241111_210824-1536x1152.jpg 1536w, https:\/\/alpagrumi.ch\/wp-content\/uploads\/sites\/78\/2024\/11\/20241111_210824-2048x1536.jpg 2048w, https:\/\/alpagrumi.ch\/wp-content\/uploads\/sites\/78\/2024\/11\/20241111_210824-1320x990.jpg 1320w, https:\/\/alpagrumi.ch\/wp-content\/uploads\/sites\/78\/2024\/11\/20241111_210824-600x450.jpg 600w\" sizes=\"(max-width: 1024px) 100vw, 1024px\" \/><figcaption class=\"wp-element-caption\">Bedecken Sie es mit kaltem Wasser und lassen Sie es 3 Stunden stehen, bevor Sie das Wasser abgie\u00dfen. Wiederholen Sie diesen Vorgang ein zweites Mal. <\/figcaption><\/figure>\n<figure class=\"wp-block-gallery has-nested-images columns-default is-cropped wp-block-gallery-1 is-layout-flex wp-block-gallery-is-layout-flex\">\n<figure class=\"wp-block-image size-large\"><img loading=\"lazy\" decoding=\"async\" width=\"768\" height=\"1024\" data-id=\"16519\" src=\"https:\/\/alpagrumi.ch\/wp-content\/uploads\/sites\/78\/2024\/11\/20241114_105627-7-1-768x1024.jpg\" alt=\"\" class=\"wp-image-16519\" srcset=\"https:\/\/alpagrumi.ch\/wp-content\/uploads\/sites\/78\/2024\/11\/20241114_105627-7-1-768x1024.jpg 768w, https:\/\/alpagrumi.ch\/wp-content\/uploads\/sites\/78\/2024\/11\/20241114_105627-7-1-225x300.jpg 225w, https:\/\/alpagrumi.ch\/wp-content\/uploads\/sites\/78\/2024\/11\/20241114_105627-7-1-1152x1536.jpg 1152w, https:\/\/alpagrumi.ch\/wp-content\/uploads\/sites\/78\/2024\/11\/20241114_105627-7-1-1536x2048.jpg 1536w, https:\/\/alpagrumi.ch\/wp-content\/uploads\/sites\/78\/2024\/11\/20241114_105627-7-1-1320x1760.jpg 1320w, https:\/\/alpagrumi.ch\/wp-content\/uploads\/sites\/78\/2024\/11\/20241114_105627-7-1-600x800.jpg 600w, https:\/\/alpagrumi.ch\/wp-content\/uploads\/sites\/78\/2024\/11\/20241114_105627-7-1-scaled.jpg 1920w\" sizes=\"(max-width: 768px) 100vw, 768px\" \/><\/figure><\/figure>\n\n<p>Dann bringen Sie einen Topf mit Wasser (ca. 2 Liter) zum Kochen, bevor Sie die Zitronen hineinwerfen und zwei Minuten darin lassen. Anschlie\u00dfend gie\u00dfen Sie das Kochwasser in einen anderen Topf. Sie messen 600 g ab und geben sie zur\u00fcck zu den Zitronen.  <\/p>\n\n<figure class=\"wp-block-image size-large\"><img loading=\"lazy\" decoding=\"async\" width=\"768\" height=\"1024\" src=\"https:\/\/alpagrumi.ch\/wp-content\/uploads\/sites\/78\/2024\/11\/20241114_105648-768x1024.jpg\" alt=\"\" class=\"wp-image-16524\" srcset=\"https:\/\/alpagrumi.ch\/wp-content\/uploads\/sites\/78\/2024\/11\/20241114_105648-768x1024.jpg 768w, https:\/\/alpagrumi.ch\/wp-content\/uploads\/sites\/78\/2024\/11\/20241114_105648-225x300.jpg 225w, https:\/\/alpagrumi.ch\/wp-content\/uploads\/sites\/78\/2024\/11\/20241114_105648-1152x1536.jpg 1152w, https:\/\/alpagrumi.ch\/wp-content\/uploads\/sites\/78\/2024\/11\/20241114_105648-1536x2048.jpg 1536w, https:\/\/alpagrumi.ch\/wp-content\/uploads\/sites\/78\/2024\/11\/20241114_105648-1320x1760.jpg 1320w, https:\/\/alpagrumi.ch\/wp-content\/uploads\/sites\/78\/2024\/11\/20241114_105648-600x800.jpg 600w, https:\/\/alpagrumi.ch\/wp-content\/uploads\/sites\/78\/2024\/11\/20241114_105648-scaled.jpg 1920w\" sizes=\"(max-width: 768px) 100vw, 768px\" \/><figcaption class=\"wp-element-caption\">Jetzt ist es an der Zeit, den Zucker hinzuzuf\u00fcgen.<br\/>Also: 1,5 kg Zitronen, 600 g Kochwasser, 750 g Zucker.<\/figcaption><\/figure>\n<figure class=\"wp-block-image size-large\"><img loading=\"lazy\" decoding=\"async\" width=\"1024\" height=\"768\" src=\"https:\/\/alpagrumi.ch\/wp-content\/uploads\/sites\/78\/2024\/11\/20241114_114124-1024x768.jpg\" alt=\"\" class=\"wp-image-16528\" srcset=\"https:\/\/alpagrumi.ch\/wp-content\/uploads\/sites\/78\/2024\/11\/20241114_114124-1024x768.jpg 1024w, https:\/\/alpagrumi.ch\/wp-content\/uploads\/sites\/78\/2024\/11\/20241114_114124-300x225.jpg 300w, https:\/\/alpagrumi.ch\/wp-content\/uploads\/sites\/78\/2024\/11\/20241114_114124-768x576.jpg 768w, https:\/\/alpagrumi.ch\/wp-content\/uploads\/sites\/78\/2024\/11\/20241114_114124-1536x1152.jpg 1536w, https:\/\/alpagrumi.ch\/wp-content\/uploads\/sites\/78\/2024\/11\/20241114_114124-2048x1536.jpg 2048w, https:\/\/alpagrumi.ch\/wp-content\/uploads\/sites\/78\/2024\/11\/20241114_114124-1320x990.jpg 1320w, https:\/\/alpagrumi.ch\/wp-content\/uploads\/sites\/78\/2024\/11\/20241114_114124-600x450.jpg 600w\" sizes=\"(max-width: 1024px) 100vw, 1024px\" \/><figcaption class=\"wp-element-caption\">Sie kochen bei schwacher Hitze etwa 50 Minuten lang.<\/figcaption><\/figure>\n<figure class=\"wp-block-image size-large\"><img loading=\"lazy\" decoding=\"async\" width=\"768\" height=\"1024\" src=\"https:\/\/alpagrumi.ch\/wp-content\/uploads\/sites\/78\/2024\/11\/20241114_105555-768x1024.jpg\" alt=\"\" class=\"wp-image-16536\" srcset=\"https:\/\/alpagrumi.ch\/wp-content\/uploads\/sites\/78\/2024\/11\/20241114_105555-768x1024.jpg 768w, https:\/\/alpagrumi.ch\/wp-content\/uploads\/sites\/78\/2024\/11\/20241114_105555-225x300.jpg 225w, https:\/\/alpagrumi.ch\/wp-content\/uploads\/sites\/78\/2024\/11\/20241114_105555-1152x1536.jpg 1152w, https:\/\/alpagrumi.ch\/wp-content\/uploads\/sites\/78\/2024\/11\/20241114_105555-1536x2048.jpg 1536w, https:\/\/alpagrumi.ch\/wp-content\/uploads\/sites\/78\/2024\/11\/20241114_105555-1320x1760.jpg 1320w, https:\/\/alpagrumi.ch\/wp-content\/uploads\/sites\/78\/2024\/11\/20241114_105555-600x800.jpg 600w, https:\/\/alpagrumi.ch\/wp-content\/uploads\/sites\/78\/2024\/11\/20241114_105555-scaled.jpg 1920w\" sizes=\"(max-width: 768px) 100vw, 768px\" \/><figcaption class=\"wp-element-caption\">W\u00e4hrend dieser Zeit sterilisieren Sie die Gl\u00e4ser, in die die Marmelade gef\u00fcllt werden soll.<\/figcaption><\/figure>\n<figure class=\"wp-block-image size-large\"><img loading=\"lazy\" decoding=\"async\" width=\"768\" height=\"1024\" src=\"https:\/\/alpagrumi.ch\/wp-content\/uploads\/sites\/78\/2024\/11\/20241114_122743-768x1024.jpg\" alt=\"\" class=\"wp-image-16532\" srcset=\"https:\/\/alpagrumi.ch\/wp-content\/uploads\/sites\/78\/2024\/11\/20241114_122743-768x1024.jpg 768w, https:\/\/alpagrumi.ch\/wp-content\/uploads\/sites\/78\/2024\/11\/20241114_122743-225x300.jpg 225w, https:\/\/alpagrumi.ch\/wp-content\/uploads\/sites\/78\/2024\/11\/20241114_122743-1152x1536.jpg 1152w, https:\/\/alpagrumi.ch\/wp-content\/uploads\/sites\/78\/2024\/11\/20241114_122743-1536x2048.jpg 1536w, https:\/\/alpagrumi.ch\/wp-content\/uploads\/sites\/78\/2024\/11\/20241114_122743-1320x1760.jpg 1320w, https:\/\/alpagrumi.ch\/wp-content\/uploads\/sites\/78\/2024\/11\/20241114_122743-600x800.jpg 600w, https:\/\/alpagrumi.ch\/wp-content\/uploads\/sites\/78\/2024\/11\/20241114_122743-scaled.jpg 1920w\" sizes=\"(max-width: 768px) 100vw, 768px\" \/><figcaption class=\"wp-element-caption\">Sobald die gew\u00fcnschte Konsistenz erreicht ist, wird die noch hei\u00dfe Konfit\u00fcre in die Gl\u00e4ser gef\u00fcllt.<\/figcaption><\/figure>\n<figure class=\"wp-block-image size-large\"><img loading=\"lazy\" decoding=\"async\" width=\"1024\" height=\"768\" src=\"https:\/\/alpagrumi.ch\/wp-content\/uploads\/sites\/78\/2024\/11\/20241114_124311-1024x768.jpg\" alt=\"\" class=\"wp-image-16540\" srcset=\"https:\/\/alpagrumi.ch\/wp-content\/uploads\/sites\/78\/2024\/11\/20241114_124311-1024x768.jpg 1024w, https:\/\/alpagrumi.ch\/wp-content\/uploads\/sites\/78\/2024\/11\/20241114_124311-300x225.jpg 300w, https:\/\/alpagrumi.ch\/wp-content\/uploads\/sites\/78\/2024\/11\/20241114_124311-768x576.jpg 768w, https:\/\/alpagrumi.ch\/wp-content\/uploads\/sites\/78\/2024\/11\/20241114_124311-1536x1152.jpg 1536w, https:\/\/alpagrumi.ch\/wp-content\/uploads\/sites\/78\/2024\/11\/20241114_124311-2048x1536.jpg 2048w, https:\/\/alpagrumi.ch\/wp-content\/uploads\/sites\/78\/2024\/11\/20241114_124311-1320x990.jpg 1320w, https:\/\/alpagrumi.ch\/wp-content\/uploads\/sites\/78\/2024\/11\/20241114_124311-600x450.jpg 600w\" sizes=\"(max-width: 1024px) 100vw, 1024px\" \/><figcaption class=\"wp-element-caption\">Schlie\u00dfen Sie die Deckel fest und ziehen Sie sie so fest wie m\u00f6glich an, bevor Sie den Kuchen auf dem Kopf stehend abk\u00fchlen lassen.  <br\/>Insgesamt etwas mehr als zwei Kilogramm Marmelade.  <\/figcaption><\/figure>\n<figure class=\"wp-block-image size-large\"><img loading=\"lazy\" decoding=\"async\" width=\"768\" height=\"1024\" src=\"https:\/\/alpagrumi.ch\/wp-content\/uploads\/sites\/78\/2024\/11\/20241114_123905-768x1024.jpg\" alt=\"\" class=\"wp-image-16552\" srcset=\"https:\/\/alpagrumi.ch\/wp-content\/uploads\/sites\/78\/2024\/11\/20241114_123905-768x1024.jpg 768w, https:\/\/alpagrumi.ch\/wp-content\/uploads\/sites\/78\/2024\/11\/20241114_123905-225x300.jpg 225w, https:\/\/alpagrumi.ch\/wp-content\/uploads\/sites\/78\/2024\/11\/20241114_123905-1152x1536.jpg 1152w, https:\/\/alpagrumi.ch\/wp-content\/uploads\/sites\/78\/2024\/11\/20241114_123905-1536x2048.jpg 1536w, https:\/\/alpagrumi.ch\/wp-content\/uploads\/sites\/78\/2024\/11\/20241114_123905-1320x1760.jpg 1320w, https:\/\/alpagrumi.ch\/wp-content\/uploads\/sites\/78\/2024\/11\/20241114_123905-600x800.jpg 600w, https:\/\/alpagrumi.ch\/wp-content\/uploads\/sites\/78\/2024\/11\/20241114_123905-scaled.jpg 1920w\" sizes=\"(max-width: 768px) 100vw, 768px\" \/><figcaption class=\"wp-element-caption\">Im November ist auch die Zeit f\u00fcr die Aussaat von Winterroggen.<\/figcaption><\/figure>\n<figure class=\"wp-block-image size-large\"><img loading=\"lazy\" decoding=\"async\" width=\"1024\" height=\"768\" src=\"https:\/\/alpagrumi.ch\/wp-content\/uploads\/sites\/78\/2024\/11\/20241114_123929-1024x768.jpg\" alt=\"\" class=\"wp-image-16556\" srcset=\"https:\/\/alpagrumi.ch\/wp-content\/uploads\/sites\/78\/2024\/11\/20241114_123929-1024x768.jpg 1024w, https:\/\/alpagrumi.ch\/wp-content\/uploads\/sites\/78\/2024\/11\/20241114_123929-300x225.jpg 300w, https:\/\/alpagrumi.ch\/wp-content\/uploads\/sites\/78\/2024\/11\/20241114_123929-768x576.jpg 768w, https:\/\/alpagrumi.ch\/wp-content\/uploads\/sites\/78\/2024\/11\/20241114_123929-1536x1152.jpg 1536w, https:\/\/alpagrumi.ch\/wp-content\/uploads\/sites\/78\/2024\/11\/20241114_123929-2048x1536.jpg 2048w, https:\/\/alpagrumi.ch\/wp-content\/uploads\/sites\/78\/2024\/11\/20241114_123929-1320x990.jpg 1320w, https:\/\/alpagrumi.ch\/wp-content\/uploads\/sites\/78\/2024\/11\/20241114_123929-600x450.jpg 600w\" sizes=\"(max-width: 1024px) 100vw, 1024px\" \/><figcaption class=\"wp-element-caption\">Bei der Aussaat mit der Hand, nicht einmal abgedeckt, keimt sie sehr gut.  <\/figcaption><\/figure>","protected":false},"excerpt":{"rendered":"<p>Im November f\u00e4rben sich die Meyer-Zitronen gelb. Da sie in H\u00fclle und F\u00fclle vorhanden sind, werden wir daraus Marmelade machen. Dann bringen Sie einen Topf mit Wasser (ca. 2 Liter) zum Kochen, bevor Sie die Zitronen hineinwerfen und zwei Minuten darin lassen. Anschlie\u00dfend gie\u00dfen Sie das Kochwasser in einen anderen Topf. Sie messen 600 g [&hellip;]<\/p>\n","protected":false},"author":3213,"featured_media":16546,"comment_status":"closed","ping_status":"open","sticky":false,"template":"","format":"standard","meta":{"_seopress_robots_primary_cat":"","_seopress_titles_title":"","_seopress_titles_desc":"","_seopress_robots_index":"","footnotes":""},"categories":[63],"tags":[],"class_list":["post-16563","post","type-post","status-publish","format-standard","has-post-thumbnail","hentry","category-news-de"],"_links":{"self":[{"href":"https:\/\/alpagrumi.ch\/de\/wp-json\/wp\/v2\/posts\/16563","targetHints":{"allow":["GET"]}}],"collection":[{"href":"https:\/\/alpagrumi.ch\/de\/wp-json\/wp\/v2\/posts"}],"about":[{"href":"https:\/\/alpagrumi.ch\/de\/wp-json\/wp\/v2\/types\/post"}],"author":[{"embeddable":true,"href":"https:\/\/alpagrumi.ch\/de\/wp-json\/wp\/v2\/users\/3213"}],"replies":[{"embeddable":true,"href":"https:\/\/alpagrumi.ch\/de\/wp-json\/wp\/v2\/comments?post=16563"}],"version-history":[{"count":0,"href":"https:\/\/alpagrumi.ch\/de\/wp-json\/wp\/v2\/posts\/16563\/revisions"}],"wp:featuredmedia":[{"embeddable":true,"href":"https:\/\/alpagrumi.ch\/de\/wp-json\/wp\/v2\/media\/16546"}],"wp:attachment":[{"href":"https:\/\/alpagrumi.ch\/de\/wp-json\/wp\/v2\/media?parent=16563"}],"wp:term":[{"taxonomy":"category","embeddable":true,"href":"https:\/\/alpagrumi.ch\/de\/wp-json\/wp\/v2\/categories?post=16563"},{"taxonomy":"post_tag","embeddable":true,"href":"https:\/\/alpagrumi.ch\/de\/wp-json\/wp\/v2\/tags?post=16563"}],"curies":[{"name":"wp","href":"https:\/\/api.w.org\/{rel}","templated":true}]}}