{"id":18090,"date":"2025-04-15T13:59:20","date_gmt":"2025-04-15T11:59:20","guid":{"rendered":"https:\/\/alpagrumi.ch\/die-rueckkehr-der-satsumas-und-die-neuen-sorten-im-fruehjahr-2025\/"},"modified":"2025-08-25T22:13:26","modified_gmt":"2025-08-25T20:13:26","slug":"die-rueckkehr-der-satsumas-und-die-neuen-sorten-im-fruehjahr-2025","status":"publish","type":"post","link":"https:\/\/alpagrumi.ch\/de\/die-rueckkehr-der-satsumas-und-die-neuen-sorten-im-fruehjahr-2025\/","title":{"rendered":"Die R\u00fcckkehr der Satsumas und die neuen Sorten im Fr\u00fchjahr 2025."},"content":{"rendered":"\n<p class=\"has-medium-font-size\">Seit einigen Tagen sind die Mandarinenb\u00e4ume in den Gesch\u00e4ften ausverkauft.<br\/>Im Laufe des Monats Mai werden die Satsumas mit einigen Neuheiten zur\u00fcckkehren.<\/p>\n\n<figure class=\"wp-block-image size-large\"><img fetchpriority=\"high\" decoding=\"async\" width=\"1024\" height=\"768\" src=\"https:\/\/alpagrumi.ch\/wp-content\/uploads\/sites\/78\/2025\/04\/20241211_135842-1024x768.jpg\" alt=\"\" class=\"wp-image-18034\" srcset=\"https:\/\/alpagrumi.ch\/wp-content\/uploads\/sites\/78\/2025\/04\/20241211_135842-1024x768.jpg 1024w, https:\/\/alpagrumi.ch\/wp-content\/uploads\/sites\/78\/2025\/04\/20241211_135842-300x225.jpg 300w, https:\/\/alpagrumi.ch\/wp-content\/uploads\/sites\/78\/2025\/04\/20241211_135842-768x576.jpg 768w, https:\/\/alpagrumi.ch\/wp-content\/uploads\/sites\/78\/2025\/04\/20241211_135842-1536x1152.jpg 1536w, https:\/\/alpagrumi.ch\/wp-content\/uploads\/sites\/78\/2025\/04\/20241211_135842-2048x1536.jpg 2048w, https:\/\/alpagrumi.ch\/wp-content\/uploads\/sites\/78\/2025\/04\/20241211_135842-1320x990.jpg 1320w, https:\/\/alpagrumi.ch\/wp-content\/uploads\/sites\/78\/2025\/04\/20241211_135842-600x450.jpg 600w\" sizes=\"(max-width: 1024px) 100vw, 1024px\" \/><figcaption class=\"wp-element-caption\"><strong>Ab dem 15. Mai werden die Satsumas-Mandarinenb\u00e4ume wieder auf FA5-Unterlage in drei Sorten erh\u00e4ltlich sein: Owari, Okitsu und Iwasaki.<\/strong><\/figcaption><\/figure>\n\n<figure class=\"wp-block-image size-large\"><img decoding=\"async\" width=\"1024\" height=\"1024\" src=\"https:\/\/alpagrumi.ch\/wp-content\/uploads\/sites\/78\/2025\/04\/Washington5-1024x1024.jpg\" alt=\"\" class=\"wp-image-18038\" srcset=\"https:\/\/alpagrumi.ch\/wp-content\/uploads\/sites\/78\/2025\/04\/Washington5-1024x1024.jpg 1024w, https:\/\/alpagrumi.ch\/wp-content\/uploads\/sites\/78\/2025\/04\/Washington5-300x300.jpg 300w, https:\/\/alpagrumi.ch\/wp-content\/uploads\/sites\/78\/2025\/04\/Washington5-150x150.jpg 150w, https:\/\/alpagrumi.ch\/wp-content\/uploads\/sites\/78\/2025\/04\/Washington5-768x768.jpg 768w, https:\/\/alpagrumi.ch\/wp-content\/uploads\/sites\/78\/2025\/04\/Washington5-1536x1536.jpg 1536w, https:\/\/alpagrumi.ch\/wp-content\/uploads\/sites\/78\/2025\/04\/Washington5-1320x1320.jpg 1320w, https:\/\/alpagrumi.ch\/wp-content\/uploads\/sites\/78\/2025\/04\/Washington5-600x600.jpg 600w, https:\/\/alpagrumi.ch\/wp-content\/uploads\/sites\/78\/2025\/04\/Washington5-100x100.jpg 100w, https:\/\/alpagrumi.ch\/wp-content\/uploads\/sites\/78\/2025\/04\/Washington5.jpg 2000w\" sizes=\"(max-width: 1024px) 100vw, 1024px\" \/><figcaption class=\"wp-element-caption\"><strong>Die Palette der Orangenb\u00e4ume wird erweitert, mit Sorten, die eine gestreckte Ernte erm\u00f6glichen.<\/strong><br\/><strong>Zun\u00e4chst mit dem Orangenbaum Washington Navel, der etwas sp\u00e4ter als Navelina geerntet werden kann: Die Ernte kann im Januar beginnen.<\/strong><\/figcaption><\/figure>\n\n<figure class=\"wp-block-image size-large\"><img decoding=\"async\" width=\"1024\" height=\"1024\" src=\"https:\/\/alpagrumi.ch\/wp-content\/uploads\/sites\/78\/2025\/04\/Fukumoto4-1024x1024.jpg\" alt=\"\" class=\"wp-image-18042\" srcset=\"https:\/\/alpagrumi.ch\/wp-content\/uploads\/sites\/78\/2025\/04\/Fukumoto4-1024x1024.jpg 1024w, https:\/\/alpagrumi.ch\/wp-content\/uploads\/sites\/78\/2025\/04\/Fukumoto4-300x300.jpg 300w, https:\/\/alpagrumi.ch\/wp-content\/uploads\/sites\/78\/2025\/04\/Fukumoto4-150x150.jpg 150w, https:\/\/alpagrumi.ch\/wp-content\/uploads\/sites\/78\/2025\/04\/Fukumoto4-768x768.jpg 768w, https:\/\/alpagrumi.ch\/wp-content\/uploads\/sites\/78\/2025\/04\/Fukumoto4-1536x1536.jpg 1536w, https:\/\/alpagrumi.ch\/wp-content\/uploads\/sites\/78\/2025\/04\/Fukumoto4-1320x1320.jpg 1320w, https:\/\/alpagrumi.ch\/wp-content\/uploads\/sites\/78\/2025\/04\/Fukumoto4-600x600.jpg 600w, https:\/\/alpagrumi.ch\/wp-content\/uploads\/sites\/78\/2025\/04\/Fukumoto4-100x100.jpg 100w, https:\/\/alpagrumi.ch\/wp-content\/uploads\/sites\/78\/2025\/04\/Fukumoto4.jpg 2000w\" sizes=\"(max-width: 1024px) 100vw, 1024px\" \/><figcaption class=\"wp-element-caption\"><strong>Der Fukumoto Orangenbaum ist noch fr\u00fcher als Navelina.<br\/>Der Baum ist kleiner und weniger kr\u00e4ftig, aber genauso produktiv. Er eignet sich f\u00fcr kleine G\u00e4rten, da er als ausgewachsener Baum viel kleiner ist. <br\/> In kommerziellen Plantagen kann die Sorte Fukumoto die Anzahl der B\u00e4ume pro Hektar und die Gesamtproduktion erh\u00f6hen.  <\/strong> <\/figcaption><\/figure>\n\n<figure class=\"wp-block-image size-large\"><img loading=\"lazy\" decoding=\"async\" width=\"1024\" height=\"682\" src=\"https:\/\/alpagrumi.ch\/wp-content\/uploads\/sites\/78\/2025\/04\/IVIA-Calendario-Naranjos--1024x682.jpg\" alt=\"\" class=\"wp-image-18047\" srcset=\"https:\/\/alpagrumi.ch\/wp-content\/uploads\/sites\/78\/2025\/04\/IVIA-Calendario-Naranjos--1024x682.jpg 1024w, https:\/\/alpagrumi.ch\/wp-content\/uploads\/sites\/78\/2025\/04\/IVIA-Calendario-Naranjos--300x200.jpg 300w, https:\/\/alpagrumi.ch\/wp-content\/uploads\/sites\/78\/2025\/04\/IVIA-Calendario-Naranjos--768x512.jpg 768w, https:\/\/alpagrumi.ch\/wp-content\/uploads\/sites\/78\/2025\/04\/IVIA-Calendario-Naranjos--1536x1024.jpg 1536w, https:\/\/alpagrumi.ch\/wp-content\/uploads\/sites\/78\/2025\/04\/IVIA-Calendario-Naranjos--1320x880.jpg 1320w, https:\/\/alpagrumi.ch\/wp-content\/uploads\/sites\/78\/2025\/04\/IVIA-Calendario-Naranjos--600x400.jpg 600w, https:\/\/alpagrumi.ch\/wp-content\/uploads\/sites\/78\/2025\/04\/IVIA-Calendario-Naranjos-.jpg 2000w\" sizes=\"(max-width: 1024px) 100vw, 1024px\" \/><figcaption class=\"wp-element-caption\"><strong>Dieser Erntekalender f\u00fcr Orangen wurde von IVIA, dem landwirtschaftlichen Forschungsinstitut in Valencia (Spanien), ver\u00f6ffentlicht. Fukumoto und Navelina sind eindeutig die fr\u00fchesten Fr\u00fcchte. Washington ist einen Monat sp\u00e4ter reif.<br\/>Bitte beachten Sie, dass diese Erntedaten f\u00fcr Valencia gelten, mit einem ganz anderen Klima als in der Schweiz.<br\/>Im Tessin dauert es nach unserer Erfahrung etwa 3 Wochen l\u00e4nger, bis die<em>gleichen<\/em>Orangensorten reif sind.  <\/strong><\/figcaption><\/figure>\n\n<figure class=\"wp-block-image size-large\"><img loading=\"lazy\" decoding=\"async\" width=\"1024\" height=\"1024\" src=\"https:\/\/alpagrumi.ch\/wp-content\/uploads\/sites\/78\/2025\/04\/Natsumikan2-1024x1024.jpg\" alt=\"\" class=\"wp-image-18055\" srcset=\"https:\/\/alpagrumi.ch\/wp-content\/uploads\/sites\/78\/2025\/04\/Natsumikan2-1024x1024.jpg 1024w, https:\/\/alpagrumi.ch\/wp-content\/uploads\/sites\/78\/2025\/04\/Natsumikan2-300x300.jpg 300w, https:\/\/alpagrumi.ch\/wp-content\/uploads\/sites\/78\/2025\/04\/Natsumikan2-150x150.jpg 150w, https:\/\/alpagrumi.ch\/wp-content\/uploads\/sites\/78\/2025\/04\/Natsumikan2-768x768.jpg 768w, https:\/\/alpagrumi.ch\/wp-content\/uploads\/sites\/78\/2025\/04\/Natsumikan2-1536x1536.jpg 1536w, https:\/\/alpagrumi.ch\/wp-content\/uploads\/sites\/78\/2025\/04\/Natsumikan2-1320x1320.jpg 1320w, https:\/\/alpagrumi.ch\/wp-content\/uploads\/sites\/78\/2025\/04\/Natsumikan2-600x600.jpg 600w, https:\/\/alpagrumi.ch\/wp-content\/uploads\/sites\/78\/2025\/04\/Natsumikan2-100x100.jpg 100w, https:\/\/alpagrumi.ch\/wp-content\/uploads\/sites\/78\/2025\/04\/Natsumikan2.jpg 2000w\" sizes=\"(max-width: 1024px) 100vw, 1024px\" \/><figcaption class=\"wp-element-caption\"><strong>Die Natsumikan (Cultivar Kawano) ist eine japanische Sommerorange, die im April und Mai geerntet werden kann.  <\/strong><\/figcaption><\/figure>\n\n<figure class=\"wp-block-image size-large\"><img loading=\"lazy\" decoding=\"async\" width=\"1024\" height=\"1024\" src=\"https:\/\/alpagrumi.ch\/wp-content\/uploads\/sites\/78\/2025\/04\/Natsumikan4-1024x1024.jpg\" alt=\"\" class=\"wp-image-18051\" srcset=\"https:\/\/alpagrumi.ch\/wp-content\/uploads\/sites\/78\/2025\/04\/Natsumikan4-1024x1024.jpg 1024w, https:\/\/alpagrumi.ch\/wp-content\/uploads\/sites\/78\/2025\/04\/Natsumikan4-300x300.jpg 300w, https:\/\/alpagrumi.ch\/wp-content\/uploads\/sites\/78\/2025\/04\/Natsumikan4-150x150.jpg 150w, https:\/\/alpagrumi.ch\/wp-content\/uploads\/sites\/78\/2025\/04\/Natsumikan4-768x768.jpg 768w, https:\/\/alpagrumi.ch\/wp-content\/uploads\/sites\/78\/2025\/04\/Natsumikan4-1536x1536.jpg 1536w, https:\/\/alpagrumi.ch\/wp-content\/uploads\/sites\/78\/2025\/04\/Natsumikan4-1320x1320.jpg 1320w, https:\/\/alpagrumi.ch\/wp-content\/uploads\/sites\/78\/2025\/04\/Natsumikan4-600x600.jpg 600w, https:\/\/alpagrumi.ch\/wp-content\/uploads\/sites\/78\/2025\/04\/Natsumikan4-100x100.jpg 100w, https:\/\/alpagrumi.ch\/wp-content\/uploads\/sites\/78\/2025\/04\/Natsumikan4.jpg 2000w\" sizes=\"(max-width: 1024px) 100vw, 1024px\" \/><figcaption class=\"wp-element-caption\"><strong>Die Frucht ist etwas abgeflacht und sehr saftig. Die Sorte Kawano ist viel s\u00fc\u00dfer als die klassische Natsumikan. <\/strong><\/figcaption><\/figure>\n\n<figure class=\"wp-block-image size-large\"><img loading=\"lazy\" decoding=\"async\" width=\"1024\" height=\"1024\" src=\"https:\/\/alpagrumi.ch\/wp-content\/uploads\/sites\/78\/2025\/04\/Huyou4-1024x1024.jpg\" alt=\"\" class=\"wp-image-18060\" srcset=\"https:\/\/alpagrumi.ch\/wp-content\/uploads\/sites\/78\/2025\/04\/Huyou4-1024x1024.jpg 1024w, https:\/\/alpagrumi.ch\/wp-content\/uploads\/sites\/78\/2025\/04\/Huyou4-300x300.jpg 300w, https:\/\/alpagrumi.ch\/wp-content\/uploads\/sites\/78\/2025\/04\/Huyou4-150x150.jpg 150w, https:\/\/alpagrumi.ch\/wp-content\/uploads\/sites\/78\/2025\/04\/Huyou4-768x768.jpg 768w, https:\/\/alpagrumi.ch\/wp-content\/uploads\/sites\/78\/2025\/04\/Huyou4-1536x1536.jpg 1536w, https:\/\/alpagrumi.ch\/wp-content\/uploads\/sites\/78\/2025\/04\/Huyou4-1320x1320.jpg 1320w, https:\/\/alpagrumi.ch\/wp-content\/uploads\/sites\/78\/2025\/04\/Huyou4-600x600.jpg 600w, https:\/\/alpagrumi.ch\/wp-content\/uploads\/sites\/78\/2025\/04\/Huyou4-100x100.jpg 100w, https:\/\/alpagrumi.ch\/wp-content\/uploads\/sites\/78\/2025\/04\/Huyou4.jpg 2000w\" sizes=\"(max-width: 1024px) 100vw, 1024px\" \/><figcaption class=\"wp-element-caption\"><strong>Die Changshan Huyou ist die beliebteste Pomelo der Chinesen. Sie ist ein nat\u00fcrlicher Hybrid aus Grapefruit (Citrus maxima) und S\u00fc\u00dforange (Citrus sinensis). Sie ist nicht nur wegen ihres Geschmacks beliebt, sondern auch wegen ihrer zahlreichen gesundheitlichen Vorteile (Vitamine und Antioxidantien).    <\/strong><\/figcaption><\/figure>\n\n<figure class=\"wp-block-image size-large\"><img loading=\"lazy\" decoding=\"async\" width=\"1024\" height=\"1024\" src=\"https:\/\/alpagrumi.ch\/wp-content\/uploads\/sites\/78\/2025\/04\/Huyou3-1024x1024.jpg\" alt=\"\" class=\"wp-image-18064\" srcset=\"https:\/\/alpagrumi.ch\/wp-content\/uploads\/sites\/78\/2025\/04\/Huyou3-1024x1024.jpg 1024w, https:\/\/alpagrumi.ch\/wp-content\/uploads\/sites\/78\/2025\/04\/Huyou3-300x300.jpg 300w, https:\/\/alpagrumi.ch\/wp-content\/uploads\/sites\/78\/2025\/04\/Huyou3-150x150.jpg 150w, https:\/\/alpagrumi.ch\/wp-content\/uploads\/sites\/78\/2025\/04\/Huyou3-768x768.jpg 768w, https:\/\/alpagrumi.ch\/wp-content\/uploads\/sites\/78\/2025\/04\/Huyou3-1536x1536.jpg 1536w, https:\/\/alpagrumi.ch\/wp-content\/uploads\/sites\/78\/2025\/04\/Huyou3-1320x1320.jpg 1320w, https:\/\/alpagrumi.ch\/wp-content\/uploads\/sites\/78\/2025\/04\/Huyou3-600x600.jpg 600w, https:\/\/alpagrumi.ch\/wp-content\/uploads\/sites\/78\/2025\/04\/Huyou3-100x100.jpg 100w, https:\/\/alpagrumi.ch\/wp-content\/uploads\/sites\/78\/2025\/04\/Huyou3.jpg 2000w\" sizes=\"(max-width: 1024px) 100vw, 1024px\" \/><figcaption class=\"wp-element-caption\"><strong>Das Fruchtfleisch ist saftig und s\u00fc\u00df. Die Membranen haben den bitteren Geschmack der Grapefruit behalten, lassen sich aber leicht entfernen. Die noch gr\u00fcnen und getrockneten Fr\u00fcchte sind in China ein traditionelles Heilmittel gegen Husten und alle Atemwegserkrankungen.    <\/strong><\/figcaption><\/figure>\n\n<figure class=\"wp-block-image size-large\"><img loading=\"lazy\" decoding=\"async\" width=\"1024\" height=\"1024\" src=\"https:\/\/alpagrumi.ch\/wp-content\/uploads\/sites\/78\/2025\/04\/Ichangquat3-1024x1024.jpg\" alt=\"\" class=\"wp-image-18069\" srcset=\"https:\/\/alpagrumi.ch\/wp-content\/uploads\/sites\/78\/2025\/04\/Ichangquat3-1024x1024.jpg 1024w, https:\/\/alpagrumi.ch\/wp-content\/uploads\/sites\/78\/2025\/04\/Ichangquat3-300x300.jpg 300w, https:\/\/alpagrumi.ch\/wp-content\/uploads\/sites\/78\/2025\/04\/Ichangquat3-150x150.jpg 150w, https:\/\/alpagrumi.ch\/wp-content\/uploads\/sites\/78\/2025\/04\/Ichangquat3-768x768.jpg 768w, https:\/\/alpagrumi.ch\/wp-content\/uploads\/sites\/78\/2025\/04\/Ichangquat3-1536x1536.jpg 1536w, https:\/\/alpagrumi.ch\/wp-content\/uploads\/sites\/78\/2025\/04\/Ichangquat3-1320x1320.jpg 1320w, https:\/\/alpagrumi.ch\/wp-content\/uploads\/sites\/78\/2025\/04\/Ichangquat3-600x600.jpg 600w, https:\/\/alpagrumi.ch\/wp-content\/uploads\/sites\/78\/2025\/04\/Ichangquat3-100x100.jpg 100w, https:\/\/alpagrumi.ch\/wp-content\/uploads\/sites\/78\/2025\/04\/Ichangquat3.jpg 2000w\" sizes=\"(max-width: 1024px) 100vw, 1024px\" \/><figcaption class=\"wp-element-caption\"><strong>Die Ichangquat ist eine Hybride aus Kumquat und Ichang Papeda. Im Gew\u00e4chshaus kann sie zu jeder Jahreszeit und sehr schnell ihre kleinen Fr\u00fcchte tragen. Im Freien bringt die erste Bl\u00fcte im Mai bereits im August reife Fr\u00fcchte. Die Bl\u00fctezeit im Juli bringt Fr\u00fcchte im November. Sie haben einen starken und sehr aromatischen Geschmack, der von den Papedas \u00fcbernommen wurde. Der Baum hat eine sehr gute Winterh\u00e4rte, bis zu -14 Grad bei Kurzzeitfrost (eine Nacht).     <\/strong><\/figcaption><\/figure>\n\n<figure class=\"wp-block-image size-large\"><img loading=\"lazy\" decoding=\"async\" width=\"1024\" height=\"791\" src=\"https:\/\/alpagrumi.ch\/wp-content\/uploads\/sites\/78\/2025\/04\/BeniMadonna3-1024x791.jpg\" alt=\"\" class=\"wp-image-18074\" srcset=\"https:\/\/alpagrumi.ch\/wp-content\/uploads\/sites\/78\/2025\/04\/BeniMadonna3-1024x791.jpg 1024w, https:\/\/alpagrumi.ch\/wp-content\/uploads\/sites\/78\/2025\/04\/BeniMadonna3-300x232.jpg 300w, https:\/\/alpagrumi.ch\/wp-content\/uploads\/sites\/78\/2025\/04\/BeniMadonna3-768x593.jpg 768w, https:\/\/alpagrumi.ch\/wp-content\/uploads\/sites\/78\/2025\/04\/BeniMadonna3-1536x1187.jpg 1536w, https:\/\/alpagrumi.ch\/wp-content\/uploads\/sites\/78\/2025\/04\/BeniMadonna3-1320x1020.jpg 1320w, https:\/\/alpagrumi.ch\/wp-content\/uploads\/sites\/78\/2025\/04\/BeniMadonna3-600x464.jpg 600w, https:\/\/alpagrumi.ch\/wp-content\/uploads\/sites\/78\/2025\/04\/BeniMadonna3.jpg 2000w\" sizes=\"(max-width: 1024px) 100vw, 1024px\" \/><figcaption class=\"wp-element-caption\"><strong>Die Beni Madonna Orange ist eine japanische Kreation, extrem saftig und mit schmelzendem Fruchtfleisch, die der Stolz der Pr\u00e4fektur Ehime ist.<br\/>Sie ist die erste der &#8222;Jelly Citrus&#8220;, Zitrusfr\u00fcchte mit gallertartigem Fruchtfleisch, die in China ein gro\u00dfer Erfolg sind.<\/strong><\/figcaption><\/figure>\n\n<figure class=\"wp-block-image size-large\"><img loading=\"lazy\" decoding=\"async\" width=\"1024\" height=\"791\" src=\"https:\/\/alpagrumi.ch\/wp-content\/uploads\/sites\/78\/2025\/04\/BeniMadonna1-1024x791.jpg\" alt=\"\" class=\"wp-image-18078\" srcset=\"https:\/\/alpagrumi.ch\/wp-content\/uploads\/sites\/78\/2025\/04\/BeniMadonna1-1024x791.jpg 1024w, https:\/\/alpagrumi.ch\/wp-content\/uploads\/sites\/78\/2025\/04\/BeniMadonna1-300x232.jpg 300w, https:\/\/alpagrumi.ch\/wp-content\/uploads\/sites\/78\/2025\/04\/BeniMadonna1-768x593.jpg 768w, https:\/\/alpagrumi.ch\/wp-content\/uploads\/sites\/78\/2025\/04\/BeniMadonna1-1536x1187.jpg 1536w, https:\/\/alpagrumi.ch\/wp-content\/uploads\/sites\/78\/2025\/04\/BeniMadonna1-1320x1020.jpg 1320w, https:\/\/alpagrumi.ch\/wp-content\/uploads\/sites\/78\/2025\/04\/BeniMadonna1-600x464.jpg 600w, https:\/\/alpagrumi.ch\/wp-content\/uploads\/sites\/78\/2025\/04\/BeniMadonna1.jpg 2000w\" sizes=\"(max-width: 1024px) 100vw, 1024px\" \/><figcaption class=\"wp-element-caption\"><strong>Die Schale ist sehr d\u00fcnn, wodurch sie schwer zu sch\u00e4len, zerbrechlich und witterungsempfindlich ist. Eine erlesene Sorte, die unter Schutz angebaut und tot geerntet werden sollte. <\/strong><\/figcaption><\/figure>\n\n<figure class=\"wp-block-image size-large\"><img loading=\"lazy\" decoding=\"async\" width=\"1024\" height=\"791\" src=\"https:\/\/alpagrumi.ch\/wp-content\/uploads\/sites\/78\/2025\/04\/BeniMadonna5-1024x791.jpg\" alt=\"\" class=\"wp-image-18082\" srcset=\"https:\/\/alpagrumi.ch\/wp-content\/uploads\/sites\/78\/2025\/04\/BeniMadonna5-1024x791.jpg 1024w, https:\/\/alpagrumi.ch\/wp-content\/uploads\/sites\/78\/2025\/04\/BeniMadonna5-300x232.jpg 300w, https:\/\/alpagrumi.ch\/wp-content\/uploads\/sites\/78\/2025\/04\/BeniMadonna5-768x593.jpg 768w, https:\/\/alpagrumi.ch\/wp-content\/uploads\/sites\/78\/2025\/04\/BeniMadonna5-1536x1187.jpg 1536w, https:\/\/alpagrumi.ch\/wp-content\/uploads\/sites\/78\/2025\/04\/BeniMadonna5-1320x1020.jpg 1320w, https:\/\/alpagrumi.ch\/wp-content\/uploads\/sites\/78\/2025\/04\/BeniMadonna5-600x464.jpg 600w, https:\/\/alpagrumi.ch\/wp-content\/uploads\/sites\/78\/2025\/04\/BeniMadonna5.jpg 2000w\" sizes=\"(max-width: 1024px) 100vw, 1024px\" \/><figcaption class=\"wp-element-caption\"><strong>Beni Madonna-Orangen sind in Japan nur im Dezember erh\u00e4ltlich. Sie m\u00fcssen jedoch Monate oder sogar ein Jahr im Voraus bestellt werden. Sie werden sorgf\u00e4ltig verpackt f\u00fcr 10 USD pro St\u00fcck verkauft.  <\/strong><\/figcaption><\/figure>\n\n<p class=\"has-medium-font-size\"><br\/><br\/><strong>Die Satsumas und alle neuen Sorten werden im Mai im Laden und online zum Verkauf angeboten.  <\/strong><br\/><strong><br\/>Wenn Sie \u00fcber die Verf\u00fcgbarkeit per E-Mail benachrichtigt werden m\u00f6chten, senden Sie uns bitte eine Nachricht.  <\/strong><\/p>\n\n<p><\/p>\n","protected":false},"excerpt":{"rendered":"<p>Seit einigen Tagen sind die Mandarinenb\u00e4ume in den Gesch\u00e4ften ausverkauft.Im Laufe des Monats Mai werden die Satsumas mit einigen Neuheiten zur\u00fcckkehren. Die Satsumas und alle neuen Sorten werden im Mai im Laden und online zum Verkauf angeboten. Wenn Sie \u00fcber die Verf\u00fcgbarkeit per E-Mail benachrichtigt werden m\u00f6chten, senden Sie uns bitte eine Nachricht.<\/p>\n","protected":false},"author":3213,"featured_media":18057,"comment_status":"closed","ping_status":"open","sticky":false,"template":"","format":"standard","meta":{"_seopress_robots_primary_cat":"","_seopress_titles_title":"","_seopress_titles_desc":"","_seopress_robots_index":"","footnotes":""},"categories":[63],"tags":[],"class_list":["post-18090","post","type-post","status-publish","format-standard","has-post-thumbnail","hentry","category-news-de"],"_links":{"self":[{"href":"https:\/\/alpagrumi.ch\/de\/wp-json\/wp\/v2\/posts\/18090","targetHints":{"allow":["GET"]}}],"collection":[{"href":"https:\/\/alpagrumi.ch\/de\/wp-json\/wp\/v2\/posts"}],"about":[{"href":"https:\/\/alpagrumi.ch\/de\/wp-json\/wp\/v2\/types\/post"}],"author":[{"embeddable":true,"href":"https:\/\/alpagrumi.ch\/de\/wp-json\/wp\/v2\/users\/3213"}],"replies":[{"embeddable":true,"href":"https:\/\/alpagrumi.ch\/de\/wp-json\/wp\/v2\/comments?post=18090"}],"version-history":[{"count":0,"href":"https:\/\/alpagrumi.ch\/de\/wp-json\/wp\/v2\/posts\/18090\/revisions"}],"wp:featuredmedia":[{"embeddable":true,"href":"https:\/\/alpagrumi.ch\/de\/wp-json\/wp\/v2\/media\/18057"}],"wp:attachment":[{"href":"https:\/\/alpagrumi.ch\/de\/wp-json\/wp\/v2\/media?parent=18090"}],"wp:term":[{"taxonomy":"category","embeddable":true,"href":"https:\/\/alpagrumi.ch\/de\/wp-json\/wp\/v2\/categories?post=18090"},{"taxonomy":"post_tag","embeddable":true,"href":"https:\/\/alpagrumi.ch\/de\/wp-json\/wp\/v2\/tags?post=18090"}],"curies":[{"name":"wp","href":"https:\/\/api.w.org\/{rel}","templated":true}]}}