{"id":18870,"date":"2025-09-23T00:22:08","date_gmt":"2025-09-22T22:22:08","guid":{"rendered":"https:\/\/alpagrumi.ch\/?p=18870"},"modified":"2025-09-23T00:27:07","modified_gmt":"2025-09-22T22:27:07","slug":"zitronen-und-pomelos-im-september","status":"publish","type":"post","link":"https:\/\/alpagrumi.ch\/de\/zitronen-und-pomelos-im-september\/","title":{"rendered":"Zitronen und Pomelos im September"},"content":{"rendered":"\n<p class=\"has-medium-font-size\">Mitte September sind die Fr\u00fcchte gebildet, aber noch gr\u00fcn.  <br \/>Zwischen Sonne und Regenschauern beobachten wir die Reifung der verschiedenen Sorten, die auf den Terrassen gepflanzt wurden.  <br \/><\/p>\n\n<figure class=\"wp-block-image size-large\"><img fetchpriority=\"high\" decoding=\"async\" width=\"1024\" height=\"768\" src=\"https:\/\/alpagrumi.ch\/wp-content\/uploads\/sites\/78\/2025\/09\/20250922_Meyer6-1024x768.jpg\" alt=\"\" class=\"wp-image-18784\" srcset=\"https:\/\/alpagrumi.ch\/wp-content\/uploads\/sites\/78\/2025\/09\/20250922_Meyer6-1024x768.jpg 1024w, https:\/\/alpagrumi.ch\/wp-content\/uploads\/sites\/78\/2025\/09\/20250922_Meyer6-300x225.jpg 300w, https:\/\/alpagrumi.ch\/wp-content\/uploads\/sites\/78\/2025\/09\/20250922_Meyer6-768x576.jpg 768w, https:\/\/alpagrumi.ch\/wp-content\/uploads\/sites\/78\/2025\/09\/20250922_Meyer6-1536x1152.jpg 1536w, https:\/\/alpagrumi.ch\/wp-content\/uploads\/sites\/78\/2025\/09\/20250922_Meyer6-2048x1536.jpg 2048w, https:\/\/alpagrumi.ch\/wp-content\/uploads\/sites\/78\/2025\/09\/20250922_Meyer6-1320x990.jpg 1320w, https:\/\/alpagrumi.ch\/wp-content\/uploads\/sites\/78\/2025\/09\/20250922_Meyer6-600x450.jpg 600w\" sizes=\"(max-width: 1024px) 100vw, 1024px\" \/><figcaption class=\"wp-element-caption\"><strong>Meyer-Zitronenb\u00e4ume (Citrus meyeri).  <\/strong><br \/><strong>Sie werden auf den windgesch\u00fctztesten Terrassen installiert.<\/strong><\/figcaption><\/figure>\n\n<figure class=\"wp-block-image size-large\"><img decoding=\"async\" width=\"1024\" height=\"768\" src=\"https:\/\/alpagrumi.ch\/wp-content\/uploads\/sites\/78\/2025\/09\/20250922_Meyer5-1024x768.jpg\" alt=\"\" class=\"wp-image-18788\" srcset=\"https:\/\/alpagrumi.ch\/wp-content\/uploads\/sites\/78\/2025\/09\/20250922_Meyer5-1024x768.jpg 1024w, https:\/\/alpagrumi.ch\/wp-content\/uploads\/sites\/78\/2025\/09\/20250922_Meyer5-300x225.jpg 300w, https:\/\/alpagrumi.ch\/wp-content\/uploads\/sites\/78\/2025\/09\/20250922_Meyer5-768x576.jpg 768w, https:\/\/alpagrumi.ch\/wp-content\/uploads\/sites\/78\/2025\/09\/20250922_Meyer5-1536x1152.jpg 1536w, https:\/\/alpagrumi.ch\/wp-content\/uploads\/sites\/78\/2025\/09\/20250922_Meyer5-2048x1536.jpg 2048w, https:\/\/alpagrumi.ch\/wp-content\/uploads\/sites\/78\/2025\/09\/20250922_Meyer5-1320x990.jpg 1320w, https:\/\/alpagrumi.ch\/wp-content\/uploads\/sites\/78\/2025\/09\/20250922_Meyer5-600x450.jpg 600w\" sizes=\"(max-width: 1024px) 100vw, 1024px\" \/><figcaption class=\"wp-element-caption\"><strong>Die Fr\u00fcchte sind gr\u00fcn wie die Bl\u00e4tter.<\/strong><\/figcaption><\/figure>\n\n<figure class=\"wp-block-image size-large\"><img decoding=\"async\" width=\"1024\" height=\"768\" src=\"https:\/\/alpagrumi.ch\/wp-content\/uploads\/sites\/78\/2025\/09\/20250922_Meyer4-1024x768.jpg\" alt=\"\" class=\"wp-image-18792\" srcset=\"https:\/\/alpagrumi.ch\/wp-content\/uploads\/sites\/78\/2025\/09\/20250922_Meyer4-1024x768.jpg 1024w, https:\/\/alpagrumi.ch\/wp-content\/uploads\/sites\/78\/2025\/09\/20250922_Meyer4-300x225.jpg 300w, https:\/\/alpagrumi.ch\/wp-content\/uploads\/sites\/78\/2025\/09\/20250922_Meyer4-768x576.jpg 768w, https:\/\/alpagrumi.ch\/wp-content\/uploads\/sites\/78\/2025\/09\/20250922_Meyer4-1536x1152.jpg 1536w, https:\/\/alpagrumi.ch\/wp-content\/uploads\/sites\/78\/2025\/09\/20250922_Meyer4-2048x1536.jpg 2048w, https:\/\/alpagrumi.ch\/wp-content\/uploads\/sites\/78\/2025\/09\/20250922_Meyer4-1320x990.jpg 1320w, https:\/\/alpagrumi.ch\/wp-content\/uploads\/sites\/78\/2025\/09\/20250922_Meyer4-600x450.jpg 600w\" sizes=\"(max-width: 1024px) 100vw, 1024px\" \/><figcaption class=\"wp-element-caption\"><strong>Zu diesem Zeitpunkt haben die Zitronen noch nicht genug Saft, um interessant zu sein.<br \/>Auf die gr\u00f6\u00dften Zitronen m\u00fcssen Sie noch mindestens zwei Monate warten.<\/strong><\/figcaption><\/figure>\n\n<figure class=\"wp-block-image size-large\"><img loading=\"lazy\" decoding=\"async\" width=\"1024\" height=\"768\" src=\"https:\/\/alpagrumi.ch\/wp-content\/uploads\/sites\/78\/2025\/09\/20250830_Meyer1-1-1024x768.jpg\" alt=\"\" class=\"wp-image-18800\" srcset=\"https:\/\/alpagrumi.ch\/wp-content\/uploads\/sites\/78\/2025\/09\/20250830_Meyer1-1-1024x768.jpg 1024w, https:\/\/alpagrumi.ch\/wp-content\/uploads\/sites\/78\/2025\/09\/20250830_Meyer1-1-300x225.jpg 300w, https:\/\/alpagrumi.ch\/wp-content\/uploads\/sites\/78\/2025\/09\/20250830_Meyer1-1-768x576.jpg 768w, https:\/\/alpagrumi.ch\/wp-content\/uploads\/sites\/78\/2025\/09\/20250830_Meyer1-1-1536x1152.jpg 1536w, https:\/\/alpagrumi.ch\/wp-content\/uploads\/sites\/78\/2025\/09\/20250830_Meyer1-1-2048x1536.jpg 2048w, https:\/\/alpagrumi.ch\/wp-content\/uploads\/sites\/78\/2025\/09\/20250830_Meyer1-1-1320x990.jpg 1320w, https:\/\/alpagrumi.ch\/wp-content\/uploads\/sites\/78\/2025\/09\/20250830_Meyer1-1-600x450.jpg 600w\" sizes=\"(max-width: 1024px) 100vw, 1024px\" \/><figcaption class=\"wp-element-caption\"><strong>Die Meyer-Zitronenb\u00e4ume bl\u00fchen zwei- bis dreimal zwischen April und September. Die daraus resultierenden Zitronen reifen den ganzen Winter \u00fcber stufenweise heran.   <\/strong><\/figcaption><\/figure>\n\n<figure class=\"wp-block-image size-large\"><img loading=\"lazy\" decoding=\"async\" width=\"1024\" height=\"768\" src=\"https:\/\/alpagrumi.ch\/wp-content\/uploads\/sites\/78\/2025\/09\/20250830_Meyer3-1024x768.jpg\" alt=\"\" class=\"wp-image-18805\" srcset=\"https:\/\/alpagrumi.ch\/wp-content\/uploads\/sites\/78\/2025\/09\/20250830_Meyer3-1024x768.jpg 1024w, https:\/\/alpagrumi.ch\/wp-content\/uploads\/sites\/78\/2025\/09\/20250830_Meyer3-300x225.jpg 300w, https:\/\/alpagrumi.ch\/wp-content\/uploads\/sites\/78\/2025\/09\/20250830_Meyer3-768x576.jpg 768w, https:\/\/alpagrumi.ch\/wp-content\/uploads\/sites\/78\/2025\/09\/20250830_Meyer3-1536x1152.jpg 1536w, https:\/\/alpagrumi.ch\/wp-content\/uploads\/sites\/78\/2025\/09\/20250830_Meyer3-2048x1536.jpg 2048w, https:\/\/alpagrumi.ch\/wp-content\/uploads\/sites\/78\/2025\/09\/20250830_Meyer3-1320x990.jpg 1320w, https:\/\/alpagrumi.ch\/wp-content\/uploads\/sites\/78\/2025\/09\/20250830_Meyer3-600x450.jpg 600w\" sizes=\"(max-width: 1024px) 100vw, 1024px\" \/><figcaption class=\"wp-element-caption\"><strong>Bl\u00fctezeit am selben Baum Anfang September. <\/strong><strong>Man sieht, dass sich noch kleine Fr\u00fcchte bilden.<\/strong><br \/><strong>Je nachdem, wie streng der n\u00e4chste Winter wird, k\u00f6nnen einige davon im April gepfl\u00fcckt werden.<\/strong><\/figcaption><\/figure>\n\n<figure class=\"wp-block-image size-large\"><img loading=\"lazy\" decoding=\"async\" width=\"1024\" height=\"768\" src=\"https:\/\/alpagrumi.ch\/wp-content\/uploads\/sites\/78\/2025\/09\/20250830_Citradia2-1024x768.jpg\" alt=\"\" class=\"wp-image-18814\" srcset=\"https:\/\/alpagrumi.ch\/wp-content\/uploads\/sites\/78\/2025\/09\/20250830_Citradia2-1024x768.jpg 1024w, https:\/\/alpagrumi.ch\/wp-content\/uploads\/sites\/78\/2025\/09\/20250830_Citradia2-300x225.jpg 300w, https:\/\/alpagrumi.ch\/wp-content\/uploads\/sites\/78\/2025\/09\/20250830_Citradia2-768x576.jpg 768w, https:\/\/alpagrumi.ch\/wp-content\/uploads\/sites\/78\/2025\/09\/20250830_Citradia2-1536x1152.jpg 1536w, https:\/\/alpagrumi.ch\/wp-content\/uploads\/sites\/78\/2025\/09\/20250830_Citradia2-2048x1536.jpg 2048w, https:\/\/alpagrumi.ch\/wp-content\/uploads\/sites\/78\/2025\/09\/20250830_Citradia2-1320x990.jpg 1320w, https:\/\/alpagrumi.ch\/wp-content\/uploads\/sites\/78\/2025\/09\/20250830_Citradia2-600x450.jpg 600w\" sizes=\"(max-width: 1024px) 100vw, 1024px\" \/><figcaption class=\"wp-element-caption\"><strong>Die Citradia (Citrus aurantium x Poncirus trifoliata) ist viel winterh\u00e4rter.<\/strong> <strong>ist viel k\u00e4lteresistenter.<\/strong><br \/><strong>Ein Zitronenbaum f\u00fcr schwierige Standorte.<br \/>Dieser wird gut nach S\u00fcdosten ausgerichtet gepflanzt, ist aber eher dem Wind ausgesetzt, vor allem dem Nordwind.<\/strong><\/figcaption><\/figure>\n\n<figure class=\"wp-block-image size-large\"><img loading=\"lazy\" decoding=\"async\" width=\"1024\" height=\"768\" src=\"https:\/\/alpagrumi.ch\/wp-content\/uploads\/sites\/78\/2025\/09\/20250830_Citradia1-1024x768.jpg\" alt=\"\" class=\"wp-image-18818\" srcset=\"https:\/\/alpagrumi.ch\/wp-content\/uploads\/sites\/78\/2025\/09\/20250830_Citradia1-1024x768.jpg 1024w, https:\/\/alpagrumi.ch\/wp-content\/uploads\/sites\/78\/2025\/09\/20250830_Citradia1-300x225.jpg 300w, https:\/\/alpagrumi.ch\/wp-content\/uploads\/sites\/78\/2025\/09\/20250830_Citradia1-768x576.jpg 768w, https:\/\/alpagrumi.ch\/wp-content\/uploads\/sites\/78\/2025\/09\/20250830_Citradia1-1536x1152.jpg 1536w, https:\/\/alpagrumi.ch\/wp-content\/uploads\/sites\/78\/2025\/09\/20250830_Citradia1-2048x1536.jpg 2048w, https:\/\/alpagrumi.ch\/wp-content\/uploads\/sites\/78\/2025\/09\/20250830_Citradia1-1320x990.jpg 1320w, https:\/\/alpagrumi.ch\/wp-content\/uploads\/sites\/78\/2025\/09\/20250830_Citradia1-600x450.jpg 600w\" sizes=\"(max-width: 1024px) 100vw, 1024px\" \/><figcaption class=\"wp-element-caption\"><strong>Die Fr\u00fcchte sind rau und zahlreich, aber recht klein, weniger als 100 Gramm.  <\/strong><\/figcaption><\/figure>\n\n<figure class=\"wp-block-image size-large is-resized\"><img loading=\"lazy\" decoding=\"async\" width=\"768\" height=\"1024\" src=\"https:\/\/alpagrumi.ch\/wp-content\/uploads\/sites\/78\/2025\/09\/20250912_PomeloEnzo2-768x1024.jpg\" alt=\"\" class=\"wp-image-18822\" style=\"width:800px;height:auto\" srcset=\"https:\/\/alpagrumi.ch\/wp-content\/uploads\/sites\/78\/2025\/09\/20250912_PomeloEnzo2-768x1024.jpg 768w, https:\/\/alpagrumi.ch\/wp-content\/uploads\/sites\/78\/2025\/09\/20250912_PomeloEnzo2-225x300.jpg 225w, https:\/\/alpagrumi.ch\/wp-content\/uploads\/sites\/78\/2025\/09\/20250912_PomeloEnzo2-1152x1536.jpg 1152w, https:\/\/alpagrumi.ch\/wp-content\/uploads\/sites\/78\/2025\/09\/20250912_PomeloEnzo2-1536x2048.jpg 1536w, https:\/\/alpagrumi.ch\/wp-content\/uploads\/sites\/78\/2025\/09\/20250912_PomeloEnzo2-1320x1760.jpg 1320w, https:\/\/alpagrumi.ch\/wp-content\/uploads\/sites\/78\/2025\/09\/20250912_PomeloEnzo2-600x800.jpg 600w, https:\/\/alpagrumi.ch\/wp-content\/uploads\/sites\/78\/2025\/09\/20250912_PomeloEnzo2-scaled.jpg 1920w\" sizes=\"(max-width: 768px) 100vw, 768px\" \/><figcaption class=\"wp-element-caption\"><strong>Die Pomelo Enzo (Citrus paradisi) ist ein viel st\u00e4rkerer Baum.  <br \/>Dieser Baum wurde vor zwei Jahren (2023) gepflanzt und ist mit einer H\u00f6he von 2 m bereits recht imposant.  <\/strong><br \/><strong>Die Mauer hinter dem Baum deckt die gesamte Nordseite ab.<\/strong><\/figcaption><\/figure>\n\n<figure class=\"wp-block-image size-large\"><img loading=\"lazy\" decoding=\"async\" width=\"768\" height=\"1024\" src=\"https:\/\/alpagrumi.ch\/wp-content\/uploads\/sites\/78\/2025\/09\/20250912_PomeloEnzo1-768x1024.jpg\" alt=\"\" class=\"wp-image-18826\" srcset=\"https:\/\/alpagrumi.ch\/wp-content\/uploads\/sites\/78\/2025\/09\/20250912_PomeloEnzo1-768x1024.jpg 768w, https:\/\/alpagrumi.ch\/wp-content\/uploads\/sites\/78\/2025\/09\/20250912_PomeloEnzo1-225x300.jpg 225w, https:\/\/alpagrumi.ch\/wp-content\/uploads\/sites\/78\/2025\/09\/20250912_PomeloEnzo1-1152x1536.jpg 1152w, https:\/\/alpagrumi.ch\/wp-content\/uploads\/sites\/78\/2025\/09\/20250912_PomeloEnzo1-1536x2048.jpg 1536w, https:\/\/alpagrumi.ch\/wp-content\/uploads\/sites\/78\/2025\/09\/20250912_PomeloEnzo1-1320x1760.jpg 1320w, https:\/\/alpagrumi.ch\/wp-content\/uploads\/sites\/78\/2025\/09\/20250912_PomeloEnzo1-600x800.jpg 600w, https:\/\/alpagrumi.ch\/wp-content\/uploads\/sites\/78\/2025\/09\/20250912_PomeloEnzo1-scaled.jpg 1920w\" sizes=\"(max-width: 768px) 100vw, 768px\" \/><figcaption class=\"wp-element-caption\"><strong>Er tr\u00e4gt seine ersten Fr\u00fcchte, von denen etwa 15 gez\u00e4hlt werden.<\/strong><\/figcaption><\/figure>\n\n<figure class=\"wp-block-image size-large\"><img loading=\"lazy\" decoding=\"async\" width=\"768\" height=\"1024\" src=\"https:\/\/alpagrumi.ch\/wp-content\/uploads\/sites\/78\/2025\/09\/20250912_PomeloEnzo3-768x1024.jpg\" alt=\"\" class=\"wp-image-18830\" srcset=\"https:\/\/alpagrumi.ch\/wp-content\/uploads\/sites\/78\/2025\/09\/20250912_PomeloEnzo3-768x1024.jpg 768w, https:\/\/alpagrumi.ch\/wp-content\/uploads\/sites\/78\/2025\/09\/20250912_PomeloEnzo3-225x300.jpg 225w, https:\/\/alpagrumi.ch\/wp-content\/uploads\/sites\/78\/2025\/09\/20250912_PomeloEnzo3-1152x1536.jpg 1152w, https:\/\/alpagrumi.ch\/wp-content\/uploads\/sites\/78\/2025\/09\/20250912_PomeloEnzo3-1536x2048.jpg 1536w, https:\/\/alpagrumi.ch\/wp-content\/uploads\/sites\/78\/2025\/09\/20250912_PomeloEnzo3-1320x1760.jpg 1320w, https:\/\/alpagrumi.ch\/wp-content\/uploads\/sites\/78\/2025\/09\/20250912_PomeloEnzo3-600x800.jpg 600w, https:\/\/alpagrumi.ch\/wp-content\/uploads\/sites\/78\/2025\/09\/20250912_PomeloEnzo3-scaled.jpg 1920w\" sizes=\"(max-width: 768px) 100vw, 768px\" \/><figcaption class=\"wp-element-caption\"><strong>Sie wiegen bereits 200 Gramm und werden noch weiter zunehmen.<\/strong><\/figcaption><\/figure>\n\n<figure class=\"wp-block-image size-large\"><img loading=\"lazy\" decoding=\"async\" width=\"1024\" height=\"768\" src=\"https:\/\/alpagrumi.ch\/wp-content\/uploads\/sites\/78\/2025\/09\/20250922_PomeloRosa0-1024x768.jpg\" alt=\"\" class=\"wp-image-18838\" srcset=\"https:\/\/alpagrumi.ch\/wp-content\/uploads\/sites\/78\/2025\/09\/20250922_PomeloRosa0-1024x768.jpg 1024w, https:\/\/alpagrumi.ch\/wp-content\/uploads\/sites\/78\/2025\/09\/20250922_PomeloRosa0-300x225.jpg 300w, https:\/\/alpagrumi.ch\/wp-content\/uploads\/sites\/78\/2025\/09\/20250922_PomeloRosa0-768x576.jpg 768w, https:\/\/alpagrumi.ch\/wp-content\/uploads\/sites\/78\/2025\/09\/20250922_PomeloRosa0-1536x1152.jpg 1536w, https:\/\/alpagrumi.ch\/wp-content\/uploads\/sites\/78\/2025\/09\/20250922_PomeloRosa0-2048x1536.jpg 2048w, https:\/\/alpagrumi.ch\/wp-content\/uploads\/sites\/78\/2025\/09\/20250922_PomeloRosa0-1320x990.jpg 1320w, https:\/\/alpagrumi.ch\/wp-content\/uploads\/sites\/78\/2025\/09\/20250922_PomeloRosa0-600x450.jpg 600w\" sizes=\"(max-width: 1024px) 100vw, 1024px\" \/><figcaption class=\"wp-element-caption\"><strong>Die rosafarbenen Pomelos (Star Ruby) sind von derselben Art, aber weniger winterhart.  <br \/>Sie sind nach S\u00fcden ausgerichtet, aber nur die untere Terrasse ist gut vor dem Nordwind gesch\u00fctzt.<\/strong><\/figcaption><\/figure>\n\n<figure class=\"wp-block-image size-large\"><img loading=\"lazy\" decoding=\"async\" width=\"768\" height=\"1024\" src=\"https:\/\/alpagrumi.ch\/wp-content\/uploads\/sites\/78\/2025\/09\/20250922_PomeloRosa1-768x1024.jpg\" alt=\"\" class=\"wp-image-18834\" srcset=\"https:\/\/alpagrumi.ch\/wp-content\/uploads\/sites\/78\/2025\/09\/20250922_PomeloRosa1-768x1024.jpg 768w, https:\/\/alpagrumi.ch\/wp-content\/uploads\/sites\/78\/2025\/09\/20250922_PomeloRosa1-225x300.jpg 225w, https:\/\/alpagrumi.ch\/wp-content\/uploads\/sites\/78\/2025\/09\/20250922_PomeloRosa1-1152x1536.jpg 1152w, https:\/\/alpagrumi.ch\/wp-content\/uploads\/sites\/78\/2025\/09\/20250922_PomeloRosa1-1536x2048.jpg 1536w, https:\/\/alpagrumi.ch\/wp-content\/uploads\/sites\/78\/2025\/09\/20250922_PomeloRosa1-1320x1760.jpg 1320w, https:\/\/alpagrumi.ch\/wp-content\/uploads\/sites\/78\/2025\/09\/20250922_PomeloRosa1-600x800.jpg 600w, https:\/\/alpagrumi.ch\/wp-content\/uploads\/sites\/78\/2025\/09\/20250922_PomeloRosa1-scaled.jpg 1920w\" sizes=\"(max-width: 768px) 100vw, 768px\" \/><figcaption class=\"wp-element-caption\"><strong>Sie wurden im letzten Jahr (2024) gepflanzt und sind alle gut angewachsen. Einige tragen bereits Fr\u00fcchte. <\/strong><\/figcaption><\/figure>\n\n<figure class=\"wp-block-image size-large\"><img loading=\"lazy\" decoding=\"async\" width=\"768\" height=\"1024\" src=\"https:\/\/alpagrumi.ch\/wp-content\/uploads\/sites\/78\/2025\/09\/20250922_PomeloRosa2-768x1024.jpg\" alt=\"\" class=\"wp-image-18842\" srcset=\"https:\/\/alpagrumi.ch\/wp-content\/uploads\/sites\/78\/2025\/09\/20250922_PomeloRosa2-768x1024.jpg 768w, https:\/\/alpagrumi.ch\/wp-content\/uploads\/sites\/78\/2025\/09\/20250922_PomeloRosa2-225x300.jpg 225w, https:\/\/alpagrumi.ch\/wp-content\/uploads\/sites\/78\/2025\/09\/20250922_PomeloRosa2-1152x1536.jpg 1152w, https:\/\/alpagrumi.ch\/wp-content\/uploads\/sites\/78\/2025\/09\/20250922_PomeloRosa2-1536x2048.jpg 1536w, https:\/\/alpagrumi.ch\/wp-content\/uploads\/sites\/78\/2025\/09\/20250922_PomeloRosa2-1320x1760.jpg 1320w, https:\/\/alpagrumi.ch\/wp-content\/uploads\/sites\/78\/2025\/09\/20250922_PomeloRosa2-600x800.jpg 600w, https:\/\/alpagrumi.ch\/wp-content\/uploads\/sites\/78\/2025\/09\/20250922_PomeloRosa2-scaled.jpg 1920w\" sizes=\"(max-width: 768px) 100vw, 768px\" \/><figcaption class=\"wp-element-caption\"><strong>Die rosa Pomelos sind etwas kleiner als die Enzo Pomelos. Sie sind viel s\u00fc\u00dfer, behalten aber den Geschmack der Grapefruit bei. <\/strong><\/figcaption><\/figure>\n\n<figure class=\"wp-block-image size-large\"><img loading=\"lazy\" decoding=\"async\" width=\"768\" height=\"1024\" src=\"https:\/\/alpagrumi.ch\/wp-content\/uploads\/sites\/78\/2025\/09\/20250922_PomeloRosa3-768x1024.jpg\" alt=\"\" class=\"wp-image-18846\" srcset=\"https:\/\/alpagrumi.ch\/wp-content\/uploads\/sites\/78\/2025\/09\/20250922_PomeloRosa3-768x1024.jpg 768w, https:\/\/alpagrumi.ch\/wp-content\/uploads\/sites\/78\/2025\/09\/20250922_PomeloRosa3-225x300.jpg 225w, https:\/\/alpagrumi.ch\/wp-content\/uploads\/sites\/78\/2025\/09\/20250922_PomeloRosa3-1152x1536.jpg 1152w, https:\/\/alpagrumi.ch\/wp-content\/uploads\/sites\/78\/2025\/09\/20250922_PomeloRosa3-1536x2048.jpg 1536w, https:\/\/alpagrumi.ch\/wp-content\/uploads\/sites\/78\/2025\/09\/20250922_PomeloRosa3-1320x1760.jpg 1320w, https:\/\/alpagrumi.ch\/wp-content\/uploads\/sites\/78\/2025\/09\/20250922_PomeloRosa3-600x800.jpg 600w, https:\/\/alpagrumi.ch\/wp-content\/uploads\/sites\/78\/2025\/09\/20250922_PomeloRosa3-scaled.jpg 1920w\" sizes=\"(max-width: 768px) 100vw, 768px\" \/><figcaption class=\"wp-element-caption\"><strong>Bei so schweren Fr\u00fcchten m\u00fcssen in den ersten Jahren St\u00fctzen angebracht werden.  <br \/>Dies verhindert Sch\u00e4den bei St\u00fcrmen, die in den Alpen h\u00e4ufig vorkommen.<\/strong><\/figcaption><\/figure>\n\n<figure class=\"wp-block-image size-large\"><img loading=\"lazy\" decoding=\"async\" width=\"768\" height=\"1024\" src=\"https:\/\/alpagrumi.ch\/wp-content\/uploads\/sites\/78\/2025\/09\/20250922_Sudachi1-768x1024.jpg\" alt=\"\" class=\"wp-image-18851\" srcset=\"https:\/\/alpagrumi.ch\/wp-content\/uploads\/sites\/78\/2025\/09\/20250922_Sudachi1-768x1024.jpg 768w, https:\/\/alpagrumi.ch\/wp-content\/uploads\/sites\/78\/2025\/09\/20250922_Sudachi1-225x300.jpg 225w, https:\/\/alpagrumi.ch\/wp-content\/uploads\/sites\/78\/2025\/09\/20250922_Sudachi1-1152x1536.jpg 1152w, https:\/\/alpagrumi.ch\/wp-content\/uploads\/sites\/78\/2025\/09\/20250922_Sudachi1-1536x2048.jpg 1536w, https:\/\/alpagrumi.ch\/wp-content\/uploads\/sites\/78\/2025\/09\/20250922_Sudachi1-1320x1760.jpg 1320w, https:\/\/alpagrumi.ch\/wp-content\/uploads\/sites\/78\/2025\/09\/20250922_Sudachi1-600x800.jpg 600w, https:\/\/alpagrumi.ch\/wp-content\/uploads\/sites\/78\/2025\/09\/20250922_Sudachi1-scaled.jpg 1920w\" sizes=\"(max-width: 768px) 100vw, 768px\" \/><figcaption class=\"wp-element-caption\"><strong>Sudachi beh\u00e4lt eine eher strauch\u00e4hnliche Form.<br \/>Dieser wurde vor zwei Jahren (2023) gepflanzt und ist noch nicht einen Meter hoch.<\/strong><\/figcaption><\/figure>\n\n<figure class=\"wp-block-image size-large\"><img loading=\"lazy\" decoding=\"async\" width=\"1024\" height=\"768\" src=\"https:\/\/alpagrumi.ch\/wp-content\/uploads\/sites\/78\/2025\/09\/20250922_Sudachi2-1024x768.jpg\" alt=\"\" class=\"wp-image-18855\" srcset=\"https:\/\/alpagrumi.ch\/wp-content\/uploads\/sites\/78\/2025\/09\/20250922_Sudachi2-1024x768.jpg 1024w, https:\/\/alpagrumi.ch\/wp-content\/uploads\/sites\/78\/2025\/09\/20250922_Sudachi2-300x225.jpg 300w, https:\/\/alpagrumi.ch\/wp-content\/uploads\/sites\/78\/2025\/09\/20250922_Sudachi2-768x576.jpg 768w, https:\/\/alpagrumi.ch\/wp-content\/uploads\/sites\/78\/2025\/09\/20250922_Sudachi2-1536x1152.jpg 1536w, https:\/\/alpagrumi.ch\/wp-content\/uploads\/sites\/78\/2025\/09\/20250922_Sudachi2-2048x1536.jpg 2048w, https:\/\/alpagrumi.ch\/wp-content\/uploads\/sites\/78\/2025\/09\/20250922_Sudachi2-1320x990.jpg 1320w, https:\/\/alpagrumi.ch\/wp-content\/uploads\/sites\/78\/2025\/09\/20250922_Sudachi2-600x450.jpg 600w\" sizes=\"(max-width: 1024px) 100vw, 1024px\" \/><figcaption class=\"wp-element-caption\"><strong>Sudachi sind Limetten oder Zitronen, die Fr\u00fcchte in Trauben sind wie kleine Mandarinen geformt.<\/strong><\/figcaption><\/figure>\n\n<figure class=\"wp-block-image size-large\"><img loading=\"lazy\" decoding=\"async\" width=\"1024\" height=\"768\" src=\"https:\/\/alpagrumi.ch\/wp-content\/uploads\/sites\/78\/2025\/09\/20250922_Sudachi5-1024x768.jpg\" alt=\"\" class=\"wp-image-18859\" srcset=\"https:\/\/alpagrumi.ch\/wp-content\/uploads\/sites\/78\/2025\/09\/20250922_Sudachi5-1024x768.jpg 1024w, https:\/\/alpagrumi.ch\/wp-content\/uploads\/sites\/78\/2025\/09\/20250922_Sudachi5-300x225.jpg 300w, https:\/\/alpagrumi.ch\/wp-content\/uploads\/sites\/78\/2025\/09\/20250922_Sudachi5-768x576.jpg 768w, https:\/\/alpagrumi.ch\/wp-content\/uploads\/sites\/78\/2025\/09\/20250922_Sudachi5-1536x1152.jpg 1536w, https:\/\/alpagrumi.ch\/wp-content\/uploads\/sites\/78\/2025\/09\/20250922_Sudachi5-2048x1536.jpg 2048w, https:\/\/alpagrumi.ch\/wp-content\/uploads\/sites\/78\/2025\/09\/20250922_Sudachi5-1320x990.jpg 1320w, https:\/\/alpagrumi.ch\/wp-content\/uploads\/sites\/78\/2025\/09\/20250922_Sudachi5-600x450.jpg 600w\" sizes=\"(max-width: 1024px) 100vw, 1024px\" \/><figcaption class=\"wp-element-caption\"><strong>Sie werden gr\u00fcn im Fr\u00fchherbst geerntet, wenn die Schalen am aromareichsten sind, in der Regel vor Mitte Oktober.  <\/strong><\/figcaption><\/figure>\n\n<figure class=\"wp-block-image size-large is-resized\"><img loading=\"lazy\" decoding=\"async\" width=\"768\" height=\"1024\" src=\"https:\/\/alpagrumi.ch\/wp-content\/uploads\/sites\/78\/2025\/09\/20250922_Clementine1-768x1024.jpg\" alt=\"\" class=\"wp-image-18863\" style=\"width:800px;height:auto\" srcset=\"https:\/\/alpagrumi.ch\/wp-content\/uploads\/sites\/78\/2025\/09\/20250922_Clementine1-768x1024.jpg 768w, https:\/\/alpagrumi.ch\/wp-content\/uploads\/sites\/78\/2025\/09\/20250922_Clementine1-225x300.jpg 225w, https:\/\/alpagrumi.ch\/wp-content\/uploads\/sites\/78\/2025\/09\/20250922_Clementine1-1152x1536.jpg 1152w, https:\/\/alpagrumi.ch\/wp-content\/uploads\/sites\/78\/2025\/09\/20250922_Clementine1-1536x2048.jpg 1536w, https:\/\/alpagrumi.ch\/wp-content\/uploads\/sites\/78\/2025\/09\/20250922_Clementine1-1320x1760.jpg 1320w, https:\/\/alpagrumi.ch\/wp-content\/uploads\/sites\/78\/2025\/09\/20250922_Clementine1-600x800.jpg 600w, https:\/\/alpagrumi.ch\/wp-content\/uploads\/sites\/78\/2025\/09\/20250922_Clementine1-scaled.jpg 1920w\" sizes=\"(max-width: 768px) 100vw, 768px\" \/><figcaption class=\"wp-element-caption\"><strong>Die Clementinen sind die einzigen Fr\u00fcchte, die sich bereits orange verf\u00e4rbt haben. <br \/>Die Lage des Baumes (Clementinenbaum Arrufatina) ist sehr windexponiert und er sp\u00fcrt die K\u00e4lte wahrscheinlich st\u00e4rker.<br \/>Hinter den beiden Terrassen sehen wir rosafarbene Pomelos, die besser gesch\u00fctzt sind.<\/strong><\/figcaption><\/figure>\n\n<p><\/p>\n","protected":false},"excerpt":{"rendered":"<p>Mitte September sind die Fr\u00fcchte gebildet, aber noch gr\u00fcn. Zwischen Sonne und Regenschauern beobachten wir die Reifung der verschiedenen Sorten, die auf den Terrassen gepflanzt wurden.<\/p>\n","protected":false},"author":3213,"featured_media":18798,"comment_status":"closed","ping_status":"closed","sticky":false,"template":"","format":"standard","meta":{"_seopress_robots_primary_cat":"","_seopress_titles_title":"","_seopress_titles_desc":"","_seopress_robots_index":"","footnotes":""},"categories":[63],"tags":[],"class_list":["post-18870","post","type-post","status-publish","format-standard","has-post-thumbnail","hentry","category-news-de"],"_links":{"self":[{"href":"https:\/\/alpagrumi.ch\/de\/wp-json\/wp\/v2\/posts\/18870","targetHints":{"allow":["GET"]}}],"collection":[{"href":"https:\/\/alpagrumi.ch\/de\/wp-json\/wp\/v2\/posts"}],"about":[{"href":"https:\/\/alpagrumi.ch\/de\/wp-json\/wp\/v2\/types\/post"}],"author":[{"embeddable":true,"href":"https:\/\/alpagrumi.ch\/de\/wp-json\/wp\/v2\/users\/3213"}],"replies":[{"embeddable":true,"href":"https:\/\/alpagrumi.ch\/de\/wp-json\/wp\/v2\/comments?post=18870"}],"version-history":[{"count":0,"href":"https:\/\/alpagrumi.ch\/de\/wp-json\/wp\/v2\/posts\/18870\/revisions"}],"wp:featuredmedia":[{"embeddable":true,"href":"https:\/\/alpagrumi.ch\/de\/wp-json\/wp\/v2\/media\/18798"}],"wp:attachment":[{"href":"https:\/\/alpagrumi.ch\/de\/wp-json\/wp\/v2\/media?parent=18870"}],"wp:term":[{"taxonomy":"category","embeddable":true,"href":"https:\/\/alpagrumi.ch\/de\/wp-json\/wp\/v2\/categories?post=18870"},{"taxonomy":"post_tag","embeddable":true,"href":"https:\/\/alpagrumi.ch\/de\/wp-json\/wp\/v2\/tags?post=18870"}],"curies":[{"name":"wp","href":"https:\/\/api.w.org\/{rel}","templated":true}]}}