{"id":8127,"date":"2023-03-18T20:17:25","date_gmt":"2023-03-18T19:17:25","guid":{"rendered":"https:\/\/alpagrumi.ch\/?p=8127"},"modified":"2023-04-25T22:38:38","modified_gmt":"2023-04-25T20:38:38","slug":"beginn-der-vegetativen-erholung","status":"publish","type":"post","link":"https:\/\/alpagrumi.ch\/de\/beginn-der-vegetativen-erholung\/","title":{"rendered":"Beginn der vegetativen Erholung"},"content":{"rendered":"\n<p>18. M\u00e4rz 2023.  <br \/>Die im Freiland gepflanzten Satsuma-Mandarinenb\u00e4ume erwachen.<\/p>\n\n<figure class=\"wp-block-image size-large is-resized\"><img fetchpriority=\"high\" decoding=\"async\" src=\"https:\/\/alpagrumi.ch\/wp-content\/uploads\/sites\/78\/2023\/03\/20230318_160439-768x1024.jpg\" alt=\"\" class=\"wp-image-8110\" width=\"406\" height=\"541\" srcset=\"https:\/\/alpagrumi.ch\/wp-content\/uploads\/sites\/78\/2023\/03\/20230318_160439-768x1024.jpg 768w, https:\/\/alpagrumi.ch\/wp-content\/uploads\/sites\/78\/2023\/03\/20230318_160439-225x300.jpg 225w, https:\/\/alpagrumi.ch\/wp-content\/uploads\/sites\/78\/2023\/03\/20230318_160439-1152x1536.jpg 1152w, https:\/\/alpagrumi.ch\/wp-content\/uploads\/sites\/78\/2023\/03\/20230318_160439-1536x2048.jpg 1536w, https:\/\/alpagrumi.ch\/wp-content\/uploads\/sites\/78\/2023\/03\/20230318_160439-1320x1760.jpg 1320w, https:\/\/alpagrumi.ch\/wp-content\/uploads\/sites\/78\/2023\/03\/20230318_160439-600x800.jpg 600w, https:\/\/alpagrumi.ch\/wp-content\/uploads\/sites\/78\/2023\/03\/20230318_160439-scaled.jpg 1920w\" sizes=\"(max-width: 406px) 100vw, 406px\" \/><\/figure>\n<figure class=\"wp-block-image size-large is-resized\"><img decoding=\"async\" src=\"https:\/\/alpagrumi.ch\/wp-content\/uploads\/sites\/78\/2023\/03\/20230318_160514-768x1024.jpg\" alt=\"\" class=\"wp-image-8119\" width=\"412\" height=\"549\" srcset=\"https:\/\/alpagrumi.ch\/wp-content\/uploads\/sites\/78\/2023\/03\/20230318_160514-768x1024.jpg 768w, https:\/\/alpagrumi.ch\/wp-content\/uploads\/sites\/78\/2023\/03\/20230318_160514-225x300.jpg 225w, https:\/\/alpagrumi.ch\/wp-content\/uploads\/sites\/78\/2023\/03\/20230318_160514-1152x1536.jpg 1152w, https:\/\/alpagrumi.ch\/wp-content\/uploads\/sites\/78\/2023\/03\/20230318_160514-1536x2048.jpg 1536w, https:\/\/alpagrumi.ch\/wp-content\/uploads\/sites\/78\/2023\/03\/20230318_160514-1320x1760.jpg 1320w, https:\/\/alpagrumi.ch\/wp-content\/uploads\/sites\/78\/2023\/03\/20230318_160514-600x800.jpg 600w, https:\/\/alpagrumi.ch\/wp-content\/uploads\/sites\/78\/2023\/03\/20230318_160514-scaled.jpg 1920w\" sizes=\"(max-width: 412px) 100vw, 412px\" \/><figcaption class=\"wp-element-caption\">Die ersten Knospen am Anfang der Zweige.<\/figcaption><\/figure>\n<figure class=\"wp-block-image size-large is-resized\"><img decoding=\"async\" src=\"https:\/\/alpagrumi.ch\/wp-content\/uploads\/sites\/78\/2023\/03\/20230318_160356-768x1024.jpg\" alt=\"\" class=\"wp-image-8114\" width=\"410\" height=\"547\" srcset=\"https:\/\/alpagrumi.ch\/wp-content\/uploads\/sites\/78\/2023\/03\/20230318_160356-768x1024.jpg 768w, https:\/\/alpagrumi.ch\/wp-content\/uploads\/sites\/78\/2023\/03\/20230318_160356-225x300.jpg 225w, https:\/\/alpagrumi.ch\/wp-content\/uploads\/sites\/78\/2023\/03\/20230318_160356-1152x1536.jpg 1152w, https:\/\/alpagrumi.ch\/wp-content\/uploads\/sites\/78\/2023\/03\/20230318_160356-1536x2048.jpg 1536w, https:\/\/alpagrumi.ch\/wp-content\/uploads\/sites\/78\/2023\/03\/20230318_160356-1320x1760.jpg 1320w, https:\/\/alpagrumi.ch\/wp-content\/uploads\/sites\/78\/2023\/03\/20230318_160356-600x800.jpg 600w, https:\/\/alpagrumi.ch\/wp-content\/uploads\/sites\/78\/2023\/03\/20230318_160356-scaled.jpg 1920w\" sizes=\"(max-width: 410px) 100vw, 410px\" \/><figcaption class=\"wp-element-caption\">Und am Stamm bereiten sich neue \u00c4ste vor.<\/figcaption><\/figure>\n<p>Der Winter war f\u00fcr Tessiner Verh\u00e4ltnisse hart und sehr trocken. Mehrere Perioden (3-4 Tage hintereinander) mit -6\/-7 Grad in der Nacht, plus drei Halbperioden mit sehr starkem Wind. Wenig Schnee oder Regen.<br \/>Mitte M\u00e4rz bleiben die N\u00e4chte kalt, unter 5 Grad, tags\u00fcber hingegen 15 bis 16 Grad. Alle im Freiland gepflanzten Satsumas erwachen bereits mit winzigen, zartgr\u00fcnen Trieben an allen St\u00e4mmen und am Anfang der \u00c4ste. Die B\u00e4ume in den T\u00f6pfen schlafen noch.<\/p>\n","protected":false},"excerpt":{"rendered":"<p>18. M\u00e4rz 2023. Die im Freiland gepflanzten Satsuma-Mandarinenb\u00e4ume erwachen. Der Winter war f\u00fcr Tessiner Verh\u00e4ltnisse hart und sehr trocken. Mehrere Perioden (3-4 Tage hintereinander) mit -6\/-7 Grad in der Nacht, plus drei Halbperioden mit sehr starkem Wind. Wenig Schnee oder Regen.Mitte M\u00e4rz bleiben die N\u00e4chte kalt, unter 5 Grad, tags\u00fcber hingegen 15 bis 16 Grad. [&hellip;]<\/p>\n","protected":false},"author":1630,"featured_media":8112,"comment_status":"closed","ping_status":"open","sticky":false,"template":"","format":"standard","meta":{"_seopress_robots_primary_cat":"","_seopress_titles_title":"","_seopress_titles_desc":"","_seopress_robots_index":"","footnotes":""},"categories":[63],"tags":[],"class_list":["post-8127","post","type-post","status-publish","format-standard","has-post-thumbnail","hentry","category-news-de"],"_links":{"self":[{"href":"https:\/\/alpagrumi.ch\/de\/wp-json\/wp\/v2\/posts\/8127","targetHints":{"allow":["GET"]}}],"collection":[{"href":"https:\/\/alpagrumi.ch\/de\/wp-json\/wp\/v2\/posts"}],"about":[{"href":"https:\/\/alpagrumi.ch\/de\/wp-json\/wp\/v2\/types\/post"}],"author":[{"embeddable":true,"href":"https:\/\/alpagrumi.ch\/de\/wp-json\/wp\/v2\/users\/1630"}],"replies":[{"embeddable":true,"href":"https:\/\/alpagrumi.ch\/de\/wp-json\/wp\/v2\/comments?post=8127"}],"version-history":[{"count":0,"href":"https:\/\/alpagrumi.ch\/de\/wp-json\/wp\/v2\/posts\/8127\/revisions"}],"wp:featuredmedia":[{"embeddable":true,"href":"https:\/\/alpagrumi.ch\/de\/wp-json\/wp\/v2\/media\/8112"}],"wp:attachment":[{"href":"https:\/\/alpagrumi.ch\/de\/wp-json\/wp\/v2\/media?parent=8127"}],"wp:term":[{"taxonomy":"category","embeddable":true,"href":"https:\/\/alpagrumi.ch\/de\/wp-json\/wp\/v2\/categories?post=8127"},{"taxonomy":"post_tag","embeddable":true,"href":"https:\/\/alpagrumi.ch\/de\/wp-json\/wp\/v2\/tags?post=8127"}],"curies":[{"name":"wp","href":"https:\/\/api.w.org\/{rel}","templated":true}]}}