{"id":8511,"date":"2023-03-23T00:23:10","date_gmt":"2023-03-22T23:23:10","guid":{"rendered":"https:\/\/alpagrumi.ch\/?p=8511"},"modified":"2023-04-25T22:41:41","modified_gmt":"2023-04-25T20:41:41","slug":"ein-rundgang-ueber-die-felder-im-zeitigen-fruehjahr","status":"publish","type":"post","link":"https:\/\/alpagrumi.ch\/de\/ein-rundgang-ueber-die-felder-im-zeitigen-fruehjahr\/","title":{"rendered":"Ein Rundgang \u00fcber die Felder im zeitigen Fr\u00fchjahr"},"content":{"rendered":"\n<p>Dieses Jahr kommt der Fr\u00fchling ganz langsam ins Tessin, in der Nacht ist es noch kalt (5-7 Grad).  <br \/>Einige Fotos vom 20.03., um die allerersten Bl\u00e4tter an einigen kleinen und gro\u00dfen Obstb\u00e4umen zu beobachten.<\/p>\n\n<p><strong>Beerenfr\u00fcchte<\/strong><\/p>\n\n<figure class=\"wp-block-image size-large\"><img fetchpriority=\"high\" decoding=\"async\" width=\"768\" height=\"1024\" src=\"https:\/\/alpagrumi.ch\/wp-content\/uploads\/sites\/78\/2023\/03\/20230321_161312-768x1024.jpg\" alt=\"\" class=\"wp-image-8372\" srcset=\"https:\/\/alpagrumi.ch\/wp-content\/uploads\/sites\/78\/2023\/03\/20230321_161312-768x1024.jpg 768w, https:\/\/alpagrumi.ch\/wp-content\/uploads\/sites\/78\/2023\/03\/20230321_161312-225x300.jpg 225w, https:\/\/alpagrumi.ch\/wp-content\/uploads\/sites\/78\/2023\/03\/20230321_161312-1152x1536.jpg 1152w, https:\/\/alpagrumi.ch\/wp-content\/uploads\/sites\/78\/2023\/03\/20230321_161312-1536x2048.jpg 1536w, https:\/\/alpagrumi.ch\/wp-content\/uploads\/sites\/78\/2023\/03\/20230321_161312-1320x1760.jpg 1320w, https:\/\/alpagrumi.ch\/wp-content\/uploads\/sites\/78\/2023\/03\/20230321_161312-600x800.jpg 600w, https:\/\/alpagrumi.ch\/wp-content\/uploads\/sites\/78\/2023\/03\/20230321_161312-scaled.jpg 1920w\" sizes=\"(max-width: 768px) 100vw, 768px\" \/><figcaption class=\"wp-element-caption\">Himbeerstr\u00e4ucher, Sorte &#8222;Enrosadira&#8220;.<\/figcaption><\/figure>\n<figure class=\"wp-block-image size-large\"><img decoding=\"async\" width=\"768\" height=\"1024\" src=\"https:\/\/alpagrumi.ch\/wp-content\/uploads\/sites\/78\/2023\/03\/20230319_103555-1-768x1024.jpg\" alt=\"\" class=\"wp-image-8376\" srcset=\"https:\/\/alpagrumi.ch\/wp-content\/uploads\/sites\/78\/2023\/03\/20230319_103555-1-768x1024.jpg 768w, https:\/\/alpagrumi.ch\/wp-content\/uploads\/sites\/78\/2023\/03\/20230319_103555-1-225x300.jpg 225w, https:\/\/alpagrumi.ch\/wp-content\/uploads\/sites\/78\/2023\/03\/20230319_103555-1-1152x1536.jpg 1152w, https:\/\/alpagrumi.ch\/wp-content\/uploads\/sites\/78\/2023\/03\/20230319_103555-1-1536x2048.jpg 1536w, https:\/\/alpagrumi.ch\/wp-content\/uploads\/sites\/78\/2023\/03\/20230319_103555-1-1320x1760.jpg 1320w, https:\/\/alpagrumi.ch\/wp-content\/uploads\/sites\/78\/2023\/03\/20230319_103555-1-600x800.jpg 600w, https:\/\/alpagrumi.ch\/wp-content\/uploads\/sites\/78\/2023\/03\/20230319_103555-1-scaled.jpg 1920w\" sizes=\"(max-width: 768px) 100vw, 768px\" \/><figcaption class=\"wp-element-caption\">Kiwai Issai, eine gr\u00fcne Mini-Kiwi (Actinidia arguta)<\/figcaption><\/figure>\n<figure class=\"wp-block-image size-large\"><img decoding=\"async\" width=\"768\" height=\"1024\" src=\"https:\/\/alpagrumi.ch\/wp-content\/uploads\/sites\/78\/2023\/03\/20230319_101546-1-768x1024.jpg\" alt=\"\" class=\"wp-image-8384\" srcset=\"https:\/\/alpagrumi.ch\/wp-content\/uploads\/sites\/78\/2023\/03\/20230319_101546-1-768x1024.jpg 768w, https:\/\/alpagrumi.ch\/wp-content\/uploads\/sites\/78\/2023\/03\/20230319_101546-1-225x300.jpg 225w, https:\/\/alpagrumi.ch\/wp-content\/uploads\/sites\/78\/2023\/03\/20230319_101546-1-1152x1536.jpg 1152w, https:\/\/alpagrumi.ch\/wp-content\/uploads\/sites\/78\/2023\/03\/20230319_101546-1-1536x2048.jpg 1536w, https:\/\/alpagrumi.ch\/wp-content\/uploads\/sites\/78\/2023\/03\/20230319_101546-1-1320x1760.jpg 1320w, https:\/\/alpagrumi.ch\/wp-content\/uploads\/sites\/78\/2023\/03\/20230319_101546-1-600x800.jpg 600w, https:\/\/alpagrumi.ch\/wp-content\/uploads\/sites\/78\/2023\/03\/20230319_101546-1-scaled.jpg 1920w\" sizes=\"(max-width: 768px) 100vw, 768px\" \/><figcaption class=\"wp-element-caption\">Tayberry, Maulbeer-\/Himbeerhybride (Rubus fructicosus Aurora x Rubus idaeus)<\/figcaption><\/figure>\n<figure class=\"wp-block-image size-large\"><img loading=\"lazy\" decoding=\"async\" width=\"768\" height=\"1024\" src=\"https:\/\/alpagrumi.ch\/wp-content\/uploads\/sites\/78\/2023\/03\/20230319_101135-1-768x1024.jpg\" alt=\"\" class=\"wp-image-8392\" srcset=\"https:\/\/alpagrumi.ch\/wp-content\/uploads\/sites\/78\/2023\/03\/20230319_101135-1-768x1024.jpg 768w, https:\/\/alpagrumi.ch\/wp-content\/uploads\/sites\/78\/2023\/03\/20230319_101135-1-225x300.jpg 225w, https:\/\/alpagrumi.ch\/wp-content\/uploads\/sites\/78\/2023\/03\/20230319_101135-1-1152x1536.jpg 1152w, https:\/\/alpagrumi.ch\/wp-content\/uploads\/sites\/78\/2023\/03\/20230319_101135-1-1536x2048.jpg 1536w, https:\/\/alpagrumi.ch\/wp-content\/uploads\/sites\/78\/2023\/03\/20230319_101135-1-1320x1760.jpg 1320w, https:\/\/alpagrumi.ch\/wp-content\/uploads\/sites\/78\/2023\/03\/20230319_101135-1-600x800.jpg 600w, https:\/\/alpagrumi.ch\/wp-content\/uploads\/sites\/78\/2023\/03\/20230319_101135-1-scaled.jpg 1920w\" sizes=\"(max-width: 768px) 100vw, 768px\" \/><figcaption class=\"wp-element-caption\">Josta, Hybride aus schwarzer Johannisbeere und Stachelbeere.  <br \/>Von allen Johannisbeerstr\u00e4uchern ist er immer noch der schnellste Starter.<\/figcaption><\/figure>\n<figure class=\"wp-block-image size-large\"><img loading=\"lazy\" decoding=\"async\" width=\"768\" height=\"1024\" src=\"https:\/\/alpagrumi.ch\/wp-content\/uploads\/sites\/78\/2023\/03\/20230319_101513-1-768x1024.jpg\" alt=\"\" class=\"wp-image-8396\" srcset=\"https:\/\/alpagrumi.ch\/wp-content\/uploads\/sites\/78\/2023\/03\/20230319_101513-1-768x1024.jpg 768w, https:\/\/alpagrumi.ch\/wp-content\/uploads\/sites\/78\/2023\/03\/20230319_101513-1-225x300.jpg 225w, https:\/\/alpagrumi.ch\/wp-content\/uploads\/sites\/78\/2023\/03\/20230319_101513-1-1152x1536.jpg 1152w, https:\/\/alpagrumi.ch\/wp-content\/uploads\/sites\/78\/2023\/03\/20230319_101513-1-1536x2048.jpg 1536w, https:\/\/alpagrumi.ch\/wp-content\/uploads\/sites\/78\/2023\/03\/20230319_101513-1-1320x1760.jpg 1320w, https:\/\/alpagrumi.ch\/wp-content\/uploads\/sites\/78\/2023\/03\/20230319_101513-1-600x800.jpg 600w, https:\/\/alpagrumi.ch\/wp-content\/uploads\/sites\/78\/2023\/03\/20230319_101513-1-scaled.jpg 1920w\" sizes=\"(max-width: 768px) 100vw, 768px\" \/><figcaption class=\"wp-element-caption\">Cassis.  <br \/>Trotz der gesch\u00fctzteren und w\u00e4rmeren Position kommt er nur langsam in Fahrt.<\/figcaption><\/figure>\n<figure class=\"wp-block-image size-large\"><img loading=\"lazy\" decoding=\"async\" width=\"768\" height=\"1024\" src=\"https:\/\/alpagrumi.ch\/wp-content\/uploads\/sites\/78\/2023\/03\/20230319_101106-1-768x1024.jpg\" alt=\"\" class=\"wp-image-8400\" srcset=\"https:\/\/alpagrumi.ch\/wp-content\/uploads\/sites\/78\/2023\/03\/20230319_101106-1-768x1024.jpg 768w, https:\/\/alpagrumi.ch\/wp-content\/uploads\/sites\/78\/2023\/03\/20230319_101106-1-225x300.jpg 225w, https:\/\/alpagrumi.ch\/wp-content\/uploads\/sites\/78\/2023\/03\/20230319_101106-1-1152x1536.jpg 1152w, https:\/\/alpagrumi.ch\/wp-content\/uploads\/sites\/78\/2023\/03\/20230319_101106-1-1536x2048.jpg 1536w, https:\/\/alpagrumi.ch\/wp-content\/uploads\/sites\/78\/2023\/03\/20230319_101106-1-1320x1760.jpg 1320w, https:\/\/alpagrumi.ch\/wp-content\/uploads\/sites\/78\/2023\/03\/20230319_101106-1-600x800.jpg 600w, https:\/\/alpagrumi.ch\/wp-content\/uploads\/sites\/78\/2023\/03\/20230319_101106-1-scaled.jpg 1920w\" sizes=\"(max-width: 768px) 100vw, 768px\" \/><figcaption class=\"wp-element-caption\">Dorman Red.<br \/>Eine Hybride aus Dorsett-Himbeere mit einer wilden amerikanischen roten Brombeere (Rubus parviflorus).<br \/>Sehr kr\u00e4ftig und produktiv, aber leider auch sehr stachelig!  <\/figcaption><\/figure>\n<figure class=\"wp-block-image size-large\"><img loading=\"lazy\" decoding=\"async\" width=\"768\" height=\"1024\" src=\"https:\/\/alpagrumi.ch\/wp-content\/uploads\/sites\/78\/2023\/03\/20230319_101014-1-768x1024.jpg\" alt=\"\" class=\"wp-image-8404\" srcset=\"https:\/\/alpagrumi.ch\/wp-content\/uploads\/sites\/78\/2023\/03\/20230319_101014-1-768x1024.jpg 768w, https:\/\/alpagrumi.ch\/wp-content\/uploads\/sites\/78\/2023\/03\/20230319_101014-1-225x300.jpg 225w, https:\/\/alpagrumi.ch\/wp-content\/uploads\/sites\/78\/2023\/03\/20230319_101014-1-1152x1536.jpg 1152w, https:\/\/alpagrumi.ch\/wp-content\/uploads\/sites\/78\/2023\/03\/20230319_101014-1-1536x2048.jpg 1536w, https:\/\/alpagrumi.ch\/wp-content\/uploads\/sites\/78\/2023\/03\/20230319_101014-1-1320x1760.jpg 1320w, https:\/\/alpagrumi.ch\/wp-content\/uploads\/sites\/78\/2023\/03\/20230319_101014-1-600x800.jpg 600w, https:\/\/alpagrumi.ch\/wp-content\/uploads\/sites\/78\/2023\/03\/20230319_101014-1-scaled.jpg 1920w\" sizes=\"(max-width: 768px) 100vw, 768px\" \/><figcaption class=\"wp-element-caption\">&#8222;Sibirische Heidelbeere&#8220; (lonicera kamschatica), eigentlich ein Gei\u00dfblatt.  <br \/>Bereits mit Bl\u00e4ttern bedeckt, ist er der fr\u00fcheste von allen, die Fr\u00fcchte werden schon im Mai reif sein.  <br \/>Schade, dass sie zu bitter sind, kaum essbar (meiner Meinung nach &#8230; aber jeder hat seinen eigenen Geschmack).  <\/figcaption><\/figure>\n<figure class=\"wp-block-image size-large\"><img loading=\"lazy\" decoding=\"async\" width=\"768\" height=\"1024\" src=\"https:\/\/alpagrumi.ch\/wp-content\/uploads\/sites\/78\/2023\/03\/20230319_095736-1-768x1024.jpg\" alt=\"\" class=\"wp-image-8408\" srcset=\"https:\/\/alpagrumi.ch\/wp-content\/uploads\/sites\/78\/2023\/03\/20230319_095736-1-768x1024.jpg 768w, https:\/\/alpagrumi.ch\/wp-content\/uploads\/sites\/78\/2023\/03\/20230319_095736-1-225x300.jpg 225w, https:\/\/alpagrumi.ch\/wp-content\/uploads\/sites\/78\/2023\/03\/20230319_095736-1-1152x1536.jpg 1152w, https:\/\/alpagrumi.ch\/wp-content\/uploads\/sites\/78\/2023\/03\/20230319_095736-1-1536x2048.jpg 1536w, https:\/\/alpagrumi.ch\/wp-content\/uploads\/sites\/78\/2023\/03\/20230319_095736-1-1320x1760.jpg 1320w, https:\/\/alpagrumi.ch\/wp-content\/uploads\/sites\/78\/2023\/03\/20230319_095736-1-600x800.jpg 600w, https:\/\/alpagrumi.ch\/wp-content\/uploads\/sites\/78\/2023\/03\/20230319_095736-1-scaled.jpg 1920w\" sizes=\"(max-width: 768px) 100vw, 768px\" \/><figcaption class=\"wp-element-caption\">Heidelbeerb\u00e4ume, die echten, mit wei\u00dfen Gl\u00f6ckchen bedeckt.<\/figcaption><\/figure>\n<figure class=\"wp-block-image size-large\"><img loading=\"lazy\" decoding=\"async\" width=\"768\" height=\"1024\" src=\"https:\/\/alpagrumi.ch\/wp-content\/uploads\/sites\/78\/2023\/03\/20230319_095704-1-768x1024.jpg\" alt=\"\" class=\"wp-image-8412\" srcset=\"https:\/\/alpagrumi.ch\/wp-content\/uploads\/sites\/78\/2023\/03\/20230319_095704-1-768x1024.jpg 768w, https:\/\/alpagrumi.ch\/wp-content\/uploads\/sites\/78\/2023\/03\/20230319_095704-1-225x300.jpg 225w, https:\/\/alpagrumi.ch\/wp-content\/uploads\/sites\/78\/2023\/03\/20230319_095704-1-1152x1536.jpg 1152w, https:\/\/alpagrumi.ch\/wp-content\/uploads\/sites\/78\/2023\/03\/20230319_095704-1-1536x2048.jpg 1536w, https:\/\/alpagrumi.ch\/wp-content\/uploads\/sites\/78\/2023\/03\/20230319_095704-1-1320x1760.jpg 1320w, https:\/\/alpagrumi.ch\/wp-content\/uploads\/sites\/78\/2023\/03\/20230319_095704-1-600x800.jpg 600w, https:\/\/alpagrumi.ch\/wp-content\/uploads\/sites\/78\/2023\/03\/20230319_095704-1-scaled.jpg 1920w\" sizes=\"(max-width: 768px) 100vw, 768px\" \/><figcaption class=\"wp-element-caption\">Rubus Phoenicolasius.  <br \/>Ich kenne keinen gebr\u00e4uchlichen Namen f\u00fcr sie, daher haben wir sie &#8222;klebrige Himbeeren&#8220; getauft.  <br \/>Er verbreitet sich sehr schnell, wenn man ihn l\u00e4sst. Drei kleine Pflanzen vor drei Jahren, heute vier Reihen.<\/figcaption><\/figure>\n<figure class=\"wp-block-image size-large\"><img loading=\"lazy\" decoding=\"async\" width=\"768\" height=\"1024\" src=\"https:\/\/alpagrumi.ch\/wp-content\/uploads\/sites\/78\/2023\/03\/20230319_095449-1-768x1024.jpg\" alt=\"\" class=\"wp-image-8424\" srcset=\"https:\/\/alpagrumi.ch\/wp-content\/uploads\/sites\/78\/2023\/03\/20230319_095449-1-768x1024.jpg 768w, https:\/\/alpagrumi.ch\/wp-content\/uploads\/sites\/78\/2023\/03\/20230319_095449-1-225x300.jpg 225w, https:\/\/alpagrumi.ch\/wp-content\/uploads\/sites\/78\/2023\/03\/20230319_095449-1-1152x1536.jpg 1152w, https:\/\/alpagrumi.ch\/wp-content\/uploads\/sites\/78\/2023\/03\/20230319_095449-1-1536x2048.jpg 1536w, https:\/\/alpagrumi.ch\/wp-content\/uploads\/sites\/78\/2023\/03\/20230319_095449-1-1320x1760.jpg 1320w, https:\/\/alpagrumi.ch\/wp-content\/uploads\/sites\/78\/2023\/03\/20230319_095449-1-600x800.jpg 600w, https:\/\/alpagrumi.ch\/wp-content\/uploads\/sites\/78\/2023\/03\/20230319_095449-1-scaled.jpg 1920w\" sizes=\"(max-width: 768px) 100vw, 768px\" \/><figcaption class=\"wp-element-caption\">Die Schisandra (Schisandra chinensis), eine Kletterpflanze, die sich sehr gut selbst vermehrt, sofern sie Schatten hat. Die Frucht mit den f\u00fcnf Geschmacksrichtungen f\u00fcr die Chinesen. Sauer, bitter, s\u00fc\u00df und scharf f\u00fcr die Frucht. Es sind ein paar kleine rote Trauben, sehr wenige bis jetzt. Aber die Pflanze ist erst sieben Jahre alt &#8230; Geduld.  <br \/>Fehlt ein Geschmack? Das Blatt ist sehr salzig!  <\/figcaption><\/figure>\n<p><strong>Obstb\u00e4ume<\/strong><\/p>\n\n<figure class=\"wp-block-image size-large\"><img loading=\"lazy\" decoding=\"async\" width=\"768\" height=\"1024\" src=\"https:\/\/alpagrumi.ch\/wp-content\/uploads\/sites\/78\/2023\/03\/20230321_161252-768x1024.jpg\" alt=\"\" class=\"wp-image-8440\" srcset=\"https:\/\/alpagrumi.ch\/wp-content\/uploads\/sites\/78\/2023\/03\/20230321_161252-768x1024.jpg 768w, https:\/\/alpagrumi.ch\/wp-content\/uploads\/sites\/78\/2023\/03\/20230321_161252-225x300.jpg 225w, https:\/\/alpagrumi.ch\/wp-content\/uploads\/sites\/78\/2023\/03\/20230321_161252-1152x1536.jpg 1152w, https:\/\/alpagrumi.ch\/wp-content\/uploads\/sites\/78\/2023\/03\/20230321_161252-1536x2048.jpg 1536w, https:\/\/alpagrumi.ch\/wp-content\/uploads\/sites\/78\/2023\/03\/20230321_161252-1320x1760.jpg 1320w, https:\/\/alpagrumi.ch\/wp-content\/uploads\/sites\/78\/2023\/03\/20230321_161252-600x800.jpg 600w, https:\/\/alpagrumi.ch\/wp-content\/uploads\/sites\/78\/2023\/03\/20230321_161252-scaled.jpg 1920w\" sizes=\"(max-width: 768px) 100vw, 768px\" \/><figcaption class=\"wp-element-caption\">Biricoccolo (ein Jahr).  <br \/>Eine nat\u00fcrliche Hybride aus Mirabellen- und Aprikosenpflaume (prunus cerasifera x Prunus armeniaca), die sehr alt ist und 1700 aus China eingef\u00fchrt wurde. Er wird nur in Italien angebaut.<\/figcaption><\/figure>\n<figure class=\"wp-block-image size-large\"><img loading=\"lazy\" decoding=\"async\" width=\"768\" height=\"1024\" src=\"https:\/\/alpagrumi.ch\/wp-content\/uploads\/sites\/78\/2023\/03\/20230319_103820-1-768x1024.jpg\" alt=\"\" class=\"wp-image-8436\" srcset=\"https:\/\/alpagrumi.ch\/wp-content\/uploads\/sites\/78\/2023\/03\/20230319_103820-1-768x1024.jpg 768w, https:\/\/alpagrumi.ch\/wp-content\/uploads\/sites\/78\/2023\/03\/20230319_103820-1-225x300.jpg 225w, https:\/\/alpagrumi.ch\/wp-content\/uploads\/sites\/78\/2023\/03\/20230319_103820-1-1152x1536.jpg 1152w, https:\/\/alpagrumi.ch\/wp-content\/uploads\/sites\/78\/2023\/03\/20230319_103820-1-1536x2048.jpg 1536w, https:\/\/alpagrumi.ch\/wp-content\/uploads\/sites\/78\/2023\/03\/20230319_103820-1-1320x1760.jpg 1320w, https:\/\/alpagrumi.ch\/wp-content\/uploads\/sites\/78\/2023\/03\/20230319_103820-1-600x800.jpg 600w, https:\/\/alpagrumi.ch\/wp-content\/uploads\/sites\/78\/2023\/03\/20230319_103820-1-scaled.jpg 1920w\" sizes=\"(max-width: 768px) 100vw, 768px\" \/><figcaption class=\"wp-element-caption\">Ein weiterer Biricoccolo (4 Jahre).<br \/>Er wird im Wald gepflanzt und ist daher vor Rehen und Hirschen gesch\u00fctzt. Zaunh\u00f6he zwei Meter vorgeschrieben!  <\/figcaption><\/figure>\n<figure class=\"wp-block-image size-large\"><img loading=\"lazy\" decoding=\"async\" width=\"768\" height=\"1024\" src=\"https:\/\/alpagrumi.ch\/wp-content\/uploads\/sites\/78\/2023\/03\/20230321_161248-768x1024.jpg\" alt=\"\" class=\"wp-image-8444\" srcset=\"https:\/\/alpagrumi.ch\/wp-content\/uploads\/sites\/78\/2023\/03\/20230321_161248-768x1024.jpg 768w, https:\/\/alpagrumi.ch\/wp-content\/uploads\/sites\/78\/2023\/03\/20230321_161248-225x300.jpg 225w, https:\/\/alpagrumi.ch\/wp-content\/uploads\/sites\/78\/2023\/03\/20230321_161248-1152x1536.jpg 1152w, https:\/\/alpagrumi.ch\/wp-content\/uploads\/sites\/78\/2023\/03\/20230321_161248-1536x2048.jpg 1536w, https:\/\/alpagrumi.ch\/wp-content\/uploads\/sites\/78\/2023\/03\/20230321_161248-1320x1760.jpg 1320w, https:\/\/alpagrumi.ch\/wp-content\/uploads\/sites\/78\/2023\/03\/20230321_161248-600x800.jpg 600w, https:\/\/alpagrumi.ch\/wp-content\/uploads\/sites\/78\/2023\/03\/20230321_161248-scaled.jpg 1920w\" sizes=\"(max-width: 768px) 100vw, 768px\" \/><figcaption class=\"wp-element-caption\">S\u00fcnder.<br \/>Dieses Jahr noch keine Blasenbildung. Sie wurden Anfang M\u00e4rz mit einem hausgemachten Knoblauchabsud gegossen. Ich werde sie vor Ende M\u00e4rz noch ein wenig bespr\u00fchen und dann sehen wir, ob es wirklich funktioniert.<\/figcaption><\/figure>\n<figure class=\"wp-block-image size-large\"><img loading=\"lazy\" decoding=\"async\" width=\"768\" height=\"1024\" src=\"https:\/\/alpagrumi.ch\/wp-content\/uploads\/sites\/78\/2023\/03\/20230321_161217-768x1024.jpg\" alt=\"\" class=\"wp-image-8448\" srcset=\"https:\/\/alpagrumi.ch\/wp-content\/uploads\/sites\/78\/2023\/03\/20230321_161217-768x1024.jpg 768w, https:\/\/alpagrumi.ch\/wp-content\/uploads\/sites\/78\/2023\/03\/20230321_161217-225x300.jpg 225w, https:\/\/alpagrumi.ch\/wp-content\/uploads\/sites\/78\/2023\/03\/20230321_161217-1152x1536.jpg 1152w, https:\/\/alpagrumi.ch\/wp-content\/uploads\/sites\/78\/2023\/03\/20230321_161217-1536x2048.jpg 1536w, https:\/\/alpagrumi.ch\/wp-content\/uploads\/sites\/78\/2023\/03\/20230321_161217-1320x1760.jpg 1320w, https:\/\/alpagrumi.ch\/wp-content\/uploads\/sites\/78\/2023\/03\/20230321_161217-600x800.jpg 600w, https:\/\/alpagrumi.ch\/wp-content\/uploads\/sites\/78\/2023\/03\/20230321_161217-scaled.jpg 1920w\" sizes=\"(max-width: 768px) 100vw, 768px\" \/><figcaption class=\"wp-element-caption\">Eberesche (Sorbus domestica).<br \/>Er wacht langsam auf und w\u00e4chst auch sehr langsam. 3 Jahre und ich habe noch keine Frucht gesehen.  <br \/>Dahinter sind es Feijoa-Goyaven (Acca sellowiana).  <\/figcaption><\/figure>\n<figure class=\"wp-block-image size-large\"><img loading=\"lazy\" decoding=\"async\" width=\"768\" height=\"1024\" src=\"https:\/\/alpagrumi.ch\/wp-content\/uploads\/sites\/78\/2023\/03\/20230321_161101-768x1024.jpg\" alt=\"\" class=\"wp-image-8452\" srcset=\"https:\/\/alpagrumi.ch\/wp-content\/uploads\/sites\/78\/2023\/03\/20230321_161101-768x1024.jpg 768w, https:\/\/alpagrumi.ch\/wp-content\/uploads\/sites\/78\/2023\/03\/20230321_161101-225x300.jpg 225w, https:\/\/alpagrumi.ch\/wp-content\/uploads\/sites\/78\/2023\/03\/20230321_161101-1152x1536.jpg 1152w, https:\/\/alpagrumi.ch\/wp-content\/uploads\/sites\/78\/2023\/03\/20230321_161101-1536x2048.jpg 1536w, https:\/\/alpagrumi.ch\/wp-content\/uploads\/sites\/78\/2023\/03\/20230321_161101-1320x1760.jpg 1320w, https:\/\/alpagrumi.ch\/wp-content\/uploads\/sites\/78\/2023\/03\/20230321_161101-600x800.jpg 600w, https:\/\/alpagrumi.ch\/wp-content\/uploads\/sites\/78\/2023\/03\/20230321_161101-scaled.jpg 1920w\" sizes=\"(max-width: 768px) 100vw, 768px\" \/><figcaption class=\"wp-element-caption\">Mirabelle (Mirobolano), ein halbwilder, nicht veredelter Baum. Die Blumen sind schon fast vorbei.  <br \/>Vor f\u00fcnf Jahren in den Wald gepflanzt, \u00c4ste zu einem Schirm gebogen, ist er jetzt hoch genug, um auf einen Zaun zu verzichten und trotzdem vor Huftieren sicher zu sein.  <br \/>Er hat bisher nur sehr wenige Fr\u00fcchte getragen. Ich glaube, ich wei\u00df, warum: Man muss eine zweite Pflanze pflanzen, um eine gegenseitige Befruchtung zu gew\u00e4hrleisten.<\/figcaption><\/figure>\n<figure class=\"wp-block-image size-large\"><img loading=\"lazy\" decoding=\"async\" width=\"768\" height=\"1024\" src=\"https:\/\/alpagrumi.ch\/wp-content\/uploads\/sites\/78\/2023\/03\/20230321_161034-768x1024.jpg\" alt=\"\" class=\"wp-image-8456\" srcset=\"https:\/\/alpagrumi.ch\/wp-content\/uploads\/sites\/78\/2023\/03\/20230321_161034-768x1024.jpg 768w, https:\/\/alpagrumi.ch\/wp-content\/uploads\/sites\/78\/2023\/03\/20230321_161034-225x300.jpg 225w, https:\/\/alpagrumi.ch\/wp-content\/uploads\/sites\/78\/2023\/03\/20230321_161034-1152x1536.jpg 1152w, https:\/\/alpagrumi.ch\/wp-content\/uploads\/sites\/78\/2023\/03\/20230321_161034-1536x2048.jpg 1536w, https:\/\/alpagrumi.ch\/wp-content\/uploads\/sites\/78\/2023\/03\/20230321_161034-1320x1760.jpg 1320w, https:\/\/alpagrumi.ch\/wp-content\/uploads\/sites\/78\/2023\/03\/20230321_161034-600x800.jpg 600w, https:\/\/alpagrumi.ch\/wp-content\/uploads\/sites\/78\/2023\/03\/20230321_161034-scaled.jpg 1920w\" sizes=\"(max-width: 768px) 100vw, 768px\" \/><figcaption class=\"wp-element-caption\">Pflaume Reineclaude. Im Holz, also gesch\u00fctzt.<\/figcaption><\/figure>\n<figure class=\"wp-block-image size-large\"><img loading=\"lazy\" decoding=\"async\" width=\"768\" height=\"1024\" src=\"https:\/\/alpagrumi.ch\/wp-content\/uploads\/sites\/78\/2023\/03\/20230321_161054-768x1024.jpg\" alt=\"\" class=\"wp-image-8460\" srcset=\"https:\/\/alpagrumi.ch\/wp-content\/uploads\/sites\/78\/2023\/03\/20230321_161054-768x1024.jpg 768w, https:\/\/alpagrumi.ch\/wp-content\/uploads\/sites\/78\/2023\/03\/20230321_161054-225x300.jpg 225w, https:\/\/alpagrumi.ch\/wp-content\/uploads\/sites\/78\/2023\/03\/20230321_161054-1152x1536.jpg 1152w, https:\/\/alpagrumi.ch\/wp-content\/uploads\/sites\/78\/2023\/03\/20230321_161054-1536x2048.jpg 1536w, https:\/\/alpagrumi.ch\/wp-content\/uploads\/sites\/78\/2023\/03\/20230321_161054-1320x1760.jpg 1320w, https:\/\/alpagrumi.ch\/wp-content\/uploads\/sites\/78\/2023\/03\/20230321_161054-600x800.jpg 600w, https:\/\/alpagrumi.ch\/wp-content\/uploads\/sites\/78\/2023\/03\/20230321_161054-scaled.jpg 1920w\" sizes=\"(max-width: 768px) 100vw, 768px\" \/><figcaption class=\"wp-element-caption\">Ein weiterer Pflaumenbaum (4 Jahre alt). Die Pflaumenb\u00e4ume wachsen im Wald sehr langsam, wahrscheinlich wegen Wassermangels. Keine M\u00f6glichkeit zu gie\u00dfen und in den letzten Jahren hat es zu wenig geregnet. Das ist manchmal frustrierend, aber man kann nichts dagegen tun.<\/figcaption><\/figure>\n<figure class=\"wp-block-image size-large\"><img loading=\"lazy\" decoding=\"async\" width=\"768\" height=\"1024\" src=\"https:\/\/alpagrumi.ch\/wp-content\/uploads\/sites\/78\/2023\/03\/20230319_101437-768x1024.jpg\" alt=\"\" class=\"wp-image-8464\" srcset=\"https:\/\/alpagrumi.ch\/wp-content\/uploads\/sites\/78\/2023\/03\/20230319_101437-768x1024.jpg 768w, https:\/\/alpagrumi.ch\/wp-content\/uploads\/sites\/78\/2023\/03\/20230319_101437-225x300.jpg 225w, https:\/\/alpagrumi.ch\/wp-content\/uploads\/sites\/78\/2023\/03\/20230319_101437-1152x1536.jpg 1152w, https:\/\/alpagrumi.ch\/wp-content\/uploads\/sites\/78\/2023\/03\/20230319_101437-1536x2048.jpg 1536w, https:\/\/alpagrumi.ch\/wp-content\/uploads\/sites\/78\/2023\/03\/20230319_101437-1320x1760.jpg 1320w, https:\/\/alpagrumi.ch\/wp-content\/uploads\/sites\/78\/2023\/03\/20230319_101437-600x800.jpg 600w, https:\/\/alpagrumi.ch\/wp-content\/uploads\/sites\/78\/2023\/03\/20230319_101437-scaled.jpg 1920w\" sizes=\"(max-width: 768px) 100vw, 768px\" \/><figcaption class=\"wp-element-caption\">Ein dreij\u00e4hriger Pflaumenbaum in der N\u00e4he des Gem\u00fcsegartens. Zu einem Dutt schneiden.  <\/figcaption><\/figure>\n<figure class=\"wp-block-image size-large\"><img loading=\"lazy\" decoding=\"async\" width=\"768\" height=\"1024\" src=\"https:\/\/alpagrumi.ch\/wp-content\/uploads\/sites\/78\/2023\/03\/20230319_101037-768x1024.jpg\" alt=\"\" class=\"wp-image-8468\" srcset=\"https:\/\/alpagrumi.ch\/wp-content\/uploads\/sites\/78\/2023\/03\/20230319_101037-768x1024.jpg 768w, https:\/\/alpagrumi.ch\/wp-content\/uploads\/sites\/78\/2023\/03\/20230319_101037-225x300.jpg 225w, https:\/\/alpagrumi.ch\/wp-content\/uploads\/sites\/78\/2023\/03\/20230319_101037-1152x1536.jpg 1152w, https:\/\/alpagrumi.ch\/wp-content\/uploads\/sites\/78\/2023\/03\/20230319_101037-1536x2048.jpg 1536w, https:\/\/alpagrumi.ch\/wp-content\/uploads\/sites\/78\/2023\/03\/20230319_101037-1320x1760.jpg 1320w, https:\/\/alpagrumi.ch\/wp-content\/uploads\/sites\/78\/2023\/03\/20230319_101037-600x800.jpg 600w, https:\/\/alpagrumi.ch\/wp-content\/uploads\/sites\/78\/2023\/03\/20230319_101037-scaled.jpg 1920w\" sizes=\"(max-width: 768px) 100vw, 768px\" \/><figcaption class=\"wp-element-caption\">Mandelbaum.  <br \/>Bl\u00fcht seit Mitte Februar und ist nun fast am Ende der Bl\u00fctezeit.<br \/>Er wird seit drei Jahren gepflanzt und hatte im letzten Herbst bereits Mandeln an allen Zweigen. Er ist gefaltet, damit man sie pfl\u00fccken kann, ohne den Baum zu sch\u00fctteln.  <\/figcaption><\/figure>\n<figure class=\"wp-block-image size-large\"><img loading=\"lazy\" decoding=\"async\" width=\"768\" height=\"1024\" src=\"https:\/\/alpagrumi.ch\/wp-content\/uploads\/sites\/78\/2023\/03\/20230319_170753-768x1024.jpg\" alt=\"\" class=\"wp-image-8472\" srcset=\"https:\/\/alpagrumi.ch\/wp-content\/uploads\/sites\/78\/2023\/03\/20230319_170753-768x1024.jpg 768w, https:\/\/alpagrumi.ch\/wp-content\/uploads\/sites\/78\/2023\/03\/20230319_170753-225x300.jpg 225w, https:\/\/alpagrumi.ch\/wp-content\/uploads\/sites\/78\/2023\/03\/20230319_170753-1152x1536.jpg 1152w, https:\/\/alpagrumi.ch\/wp-content\/uploads\/sites\/78\/2023\/03\/20230319_170753-1536x2048.jpg 1536w, https:\/\/alpagrumi.ch\/wp-content\/uploads\/sites\/78\/2023\/03\/20230319_170753-1320x1760.jpg 1320w, https:\/\/alpagrumi.ch\/wp-content\/uploads\/sites\/78\/2023\/03\/20230319_170753-600x800.jpg 600w, https:\/\/alpagrumi.ch\/wp-content\/uploads\/sites\/78\/2023\/03\/20230319_170753-scaled.jpg 1920w\" sizes=\"(max-width: 768px) 100vw, 768px\" \/><figcaption class=\"wp-element-caption\">Ein einj\u00e4hriger Apfelbaum als Spalier.<br \/>Er hat gerade den Winter \u00fcberstanden und hat sein ganzes Leben noch vor sich.<\/figcaption><\/figure>\n<figure class=\"wp-block-image size-large\"><img loading=\"lazy\" decoding=\"async\" width=\"768\" height=\"1024\" src=\"https:\/\/alpagrumi.ch\/wp-content\/uploads\/sites\/78\/2023\/03\/20230319_101641-768x1024.jpg\" alt=\"\" class=\"wp-image-8476\" srcset=\"https:\/\/alpagrumi.ch\/wp-content\/uploads\/sites\/78\/2023\/03\/20230319_101641-768x1024.jpg 768w, https:\/\/alpagrumi.ch\/wp-content\/uploads\/sites\/78\/2023\/03\/20230319_101641-225x300.jpg 225w, https:\/\/alpagrumi.ch\/wp-content\/uploads\/sites\/78\/2023\/03\/20230319_101641-1152x1536.jpg 1152w, https:\/\/alpagrumi.ch\/wp-content\/uploads\/sites\/78\/2023\/03\/20230319_101641-1536x2048.jpg 1536w, https:\/\/alpagrumi.ch\/wp-content\/uploads\/sites\/78\/2023\/03\/20230319_101641-1320x1760.jpg 1320w, https:\/\/alpagrumi.ch\/wp-content\/uploads\/sites\/78\/2023\/03\/20230319_101641-600x800.jpg 600w, https:\/\/alpagrumi.ch\/wp-content\/uploads\/sites\/78\/2023\/03\/20230319_101641-scaled.jpg 1920w\" sizes=\"(max-width: 768px) 100vw, 768px\" \/><figcaption class=\"wp-element-caption\">Dreij\u00e4hriger Goumi im Gem\u00fcsegarten (Elaeagnus multiflora).<br \/>Er hat bereits im letzten Jahr zwei Eimer voller Beeren produziert.  <br \/>Der Goumi ist f\u00fcr arme B\u00f6den geeignet und reichert seinen eigenen Boden mit Stickstoff an. In reicher Erde w\u00e4chst er mit beeindruckender Geschwindigkeit. Es muss noch herausgefunden werden, wie die Fr\u00fcchte, die er in H\u00fclle und F\u00fclle produziert &#8211; kleine rote Beeren mit weichem Kern &#8211; verwendet werden k\u00f6nnen. Gumi-Wein? Zu erfinden.<\/figcaption><\/figure>\n<figure class=\"wp-block-image size-large\"><img loading=\"lazy\" decoding=\"async\" width=\"768\" height=\"1024\" src=\"https:\/\/alpagrumi.ch\/wp-content\/uploads\/sites\/78\/2023\/03\/20230319_103626-768x1024.jpg\" alt=\"\" class=\"wp-image-8480\" srcset=\"https:\/\/alpagrumi.ch\/wp-content\/uploads\/sites\/78\/2023\/03\/20230319_103626-768x1024.jpg 768w, https:\/\/alpagrumi.ch\/wp-content\/uploads\/sites\/78\/2023\/03\/20230319_103626-225x300.jpg 225w, https:\/\/alpagrumi.ch\/wp-content\/uploads\/sites\/78\/2023\/03\/20230319_103626-1152x1536.jpg 1152w, https:\/\/alpagrumi.ch\/wp-content\/uploads\/sites\/78\/2023\/03\/20230319_103626-1536x2048.jpg 1536w, https:\/\/alpagrumi.ch\/wp-content\/uploads\/sites\/78\/2023\/03\/20230319_103626-1320x1760.jpg 1320w, https:\/\/alpagrumi.ch\/wp-content\/uploads\/sites\/78\/2023\/03\/20230319_103626-600x800.jpg 600w, https:\/\/alpagrumi.ch\/wp-content\/uploads\/sites\/78\/2023\/03\/20230319_103626-scaled.jpg 1920w\" sizes=\"(max-width: 768px) 100vw, 768px\" \/><figcaption class=\"wp-element-caption\">Hecke aus Goumis, 8 Jahre alt. Zwischen Felsen gepflanzt, wachsen sie problemlos.<\/figcaption><\/figure>\n<figure class=\"wp-block-image size-large\"><img loading=\"lazy\" decoding=\"async\" width=\"768\" height=\"1024\" src=\"https:\/\/alpagrumi.ch\/wp-content\/uploads\/sites\/78\/2023\/03\/20230319_095838-768x1024.jpg\" alt=\"\" class=\"wp-image-8484\" srcset=\"https:\/\/alpagrumi.ch\/wp-content\/uploads\/sites\/78\/2023\/03\/20230319_095838-768x1024.jpg 768w, https:\/\/alpagrumi.ch\/wp-content\/uploads\/sites\/78\/2023\/03\/20230319_095838-225x300.jpg 225w, https:\/\/alpagrumi.ch\/wp-content\/uploads\/sites\/78\/2023\/03\/20230319_095838-1152x1536.jpg 1152w, https:\/\/alpagrumi.ch\/wp-content\/uploads\/sites\/78\/2023\/03\/20230319_095838-1536x2048.jpg 1536w, https:\/\/alpagrumi.ch\/wp-content\/uploads\/sites\/78\/2023\/03\/20230319_095838-1320x1760.jpg 1320w, https:\/\/alpagrumi.ch\/wp-content\/uploads\/sites\/78\/2023\/03\/20230319_095838-600x800.jpg 600w, https:\/\/alpagrumi.ch\/wp-content\/uploads\/sites\/78\/2023\/03\/20230319_095838-scaled.jpg 1920w\" sizes=\"(max-width: 768px) 100vw, 768px\" \/><figcaption class=\"wp-element-caption\">Nanking-Kirsche oder Ragouminier (prunus tomentosa).  <br \/>Winzig, im Winter gepflanzt. Aber der erste in Bl\u00fcte, lange vor den echten Kirschb\u00e4umen.<br \/>Er befindet sich im eingez\u00e4unten Bereich, wo er vor den Huftieren sicher ist. Er muss aber trotzdem wegen der Dachse individuell gesch\u00fctzt werden. Der \u00e4u\u00dfere Zaun h\u00e4lt sie nicht auf und sie fressen alle jungen Kirschb\u00e4ume. Sie lieben Bl\u00e4tter und schlachten kleine B\u00e4ume und auch die unteren \u00c4ste gro\u00dfer B\u00e4ume komplett ab. Aber sie ber\u00fchren die Kirschen nicht. Geht und versteht Dachse&#8230;  <\/figcaption><\/figure>\n<figure class=\"wp-block-image size-large\"><img loading=\"lazy\" decoding=\"async\" width=\"768\" height=\"1024\" src=\"https:\/\/alpagrumi.ch\/wp-content\/uploads\/sites\/78\/2023\/03\/20230319_095526-768x1024.jpg\" alt=\"\" class=\"wp-image-8488\" srcset=\"https:\/\/alpagrumi.ch\/wp-content\/uploads\/sites\/78\/2023\/03\/20230319_095526-768x1024.jpg 768w, https:\/\/alpagrumi.ch\/wp-content\/uploads\/sites\/78\/2023\/03\/20230319_095526-225x300.jpg 225w, https:\/\/alpagrumi.ch\/wp-content\/uploads\/sites\/78\/2023\/03\/20230319_095526-1152x1536.jpg 1152w, https:\/\/alpagrumi.ch\/wp-content\/uploads\/sites\/78\/2023\/03\/20230319_095526-1536x2048.jpg 1536w, https:\/\/alpagrumi.ch\/wp-content\/uploads\/sites\/78\/2023\/03\/20230319_095526-1320x1760.jpg 1320w, https:\/\/alpagrumi.ch\/wp-content\/uploads\/sites\/78\/2023\/03\/20230319_095526-600x800.jpg 600w, https:\/\/alpagrumi.ch\/wp-content\/uploads\/sites\/78\/2023\/03\/20230319_095526-scaled.jpg 1920w\" sizes=\"(max-width: 768px) 100vw, 768px\" \/><figcaption class=\"wp-element-caption\">Ein Quittenbaum (Pero-cotogno). Eine krankheitsresistente Sorte aus Rum\u00e4nien.<\/figcaption><\/figure>\n<figure class=\"wp-block-image size-large\"><img loading=\"lazy\" decoding=\"async\" width=\"768\" height=\"1024\" src=\"https:\/\/alpagrumi.ch\/wp-content\/uploads\/sites\/78\/2023\/03\/20230319_101339-768x1024.jpg\" alt=\"\" class=\"wp-image-8496\" srcset=\"https:\/\/alpagrumi.ch\/wp-content\/uploads\/sites\/78\/2023\/03\/20230319_101339-768x1024.jpg 768w, https:\/\/alpagrumi.ch\/wp-content\/uploads\/sites\/78\/2023\/03\/20230319_101339-225x300.jpg 225w, https:\/\/alpagrumi.ch\/wp-content\/uploads\/sites\/78\/2023\/03\/20230319_101339-1152x1536.jpg 1152w, https:\/\/alpagrumi.ch\/wp-content\/uploads\/sites\/78\/2023\/03\/20230319_101339-1536x2048.jpg 1536w, https:\/\/alpagrumi.ch\/wp-content\/uploads\/sites\/78\/2023\/03\/20230319_101339-1320x1760.jpg 1320w, https:\/\/alpagrumi.ch\/wp-content\/uploads\/sites\/78\/2023\/03\/20230319_101339-600x800.jpg 600w, https:\/\/alpagrumi.ch\/wp-content\/uploads\/sites\/78\/2023\/03\/20230319_101339-scaled.jpg 1920w\" sizes=\"(max-width: 768px) 100vw, 768px\" \/><figcaption class=\"wp-element-caption\">Birnbaum Williams. 20 Jahre, gro\u00dfe Produktion.<\/figcaption><\/figure>\n<figure class=\"wp-block-image size-large\"><img loading=\"lazy\" decoding=\"async\" width=\"768\" height=\"1024\" src=\"https:\/\/alpagrumi.ch\/wp-content\/uploads\/sites\/78\/2023\/03\/20230319_095543-768x1024.jpg\" alt=\"\" class=\"wp-image-8500\" srcset=\"https:\/\/alpagrumi.ch\/wp-content\/uploads\/sites\/78\/2023\/03\/20230319_095543-768x1024.jpg 768w, https:\/\/alpagrumi.ch\/wp-content\/uploads\/sites\/78\/2023\/03\/20230319_095543-225x300.jpg 225w, https:\/\/alpagrumi.ch\/wp-content\/uploads\/sites\/78\/2023\/03\/20230319_095543-1152x1536.jpg 1152w, https:\/\/alpagrumi.ch\/wp-content\/uploads\/sites\/78\/2023\/03\/20230319_095543-1536x2048.jpg 1536w, https:\/\/alpagrumi.ch\/wp-content\/uploads\/sites\/78\/2023\/03\/20230319_095543-1320x1760.jpg 1320w, https:\/\/alpagrumi.ch\/wp-content\/uploads\/sites\/78\/2023\/03\/20230319_095543-600x800.jpg 600w, https:\/\/alpagrumi.ch\/wp-content\/uploads\/sites\/78\/2023\/03\/20230319_095543-scaled.jpg 1920w\" sizes=\"(max-width: 768px) 100vw, 768px\" \/><figcaption class=\"wp-element-caption\">Mispel (Nespolo germanico).<br \/>Oben bleiben die blauen Fr\u00fcchte vom letzten Jahr. Nicht genug Kunden f\u00fcr Mispeln &#8211; das ist eine etwas ungew\u00f6hnliche Frucht.<\/figcaption><\/figure>\n<figure class=\"wp-block-image size-large\"><img loading=\"lazy\" decoding=\"async\" width=\"768\" height=\"1024\" src=\"https:\/\/alpagrumi.ch\/wp-content\/uploads\/sites\/78\/2023\/03\/20230319_102213-768x1024.jpg\" alt=\"\" class=\"wp-image-8504\" srcset=\"https:\/\/alpagrumi.ch\/wp-content\/uploads\/sites\/78\/2023\/03\/20230319_102213-768x1024.jpg 768w, https:\/\/alpagrumi.ch\/wp-content\/uploads\/sites\/78\/2023\/03\/20230319_102213-225x300.jpg 225w, https:\/\/alpagrumi.ch\/wp-content\/uploads\/sites\/78\/2023\/03\/20230319_102213-1152x1536.jpg 1152w, https:\/\/alpagrumi.ch\/wp-content\/uploads\/sites\/78\/2023\/03\/20230319_102213-1536x2048.jpg 1536w, https:\/\/alpagrumi.ch\/wp-content\/uploads\/sites\/78\/2023\/03\/20230319_102213-1320x1760.jpg 1320w, https:\/\/alpagrumi.ch\/wp-content\/uploads\/sites\/78\/2023\/03\/20230319_102213-600x800.jpg 600w, https:\/\/alpagrumi.ch\/wp-content\/uploads\/sites\/78\/2023\/03\/20230319_102213-scaled.jpg 1920w\" sizes=\"(max-width: 768px) 100vw, 768px\" \/><figcaption class=\"wp-element-caption\">Zum Schluss noch Farbe. Zwei ineinander verschlungene Pflanzen. Sie sind keine Obstb\u00e4ume, sondern nur dekorativ.  <br \/>Wer err\u00e4t die Namen der beiden?<\/figcaption><\/figure>","protected":false},"excerpt":{"rendered":"<p>Dieses Jahr kommt der Fr\u00fchling ganz langsam ins Tessin, in der Nacht ist es noch kalt (5-7 Grad). Einige Fotos vom 20.03., um die allerersten Bl\u00e4tter an einigen kleinen und gro\u00dfen Obstb\u00e4umen zu beobachten. Beerenfr\u00fcchte Obstb\u00e4ume<\/p>\n","protected":false},"author":1630,"featured_media":8446,"comment_status":"closed","ping_status":"open","sticky":false,"template":"","format":"standard","meta":{"_seopress_robots_primary_cat":"","_seopress_titles_title":"","_seopress_titles_desc":"","_seopress_robots_index":"","footnotes":""},"categories":[63],"tags":[],"class_list":["post-8511","post","type-post","status-publish","format-standard","has-post-thumbnail","hentry","category-news-de"],"_links":{"self":[{"href":"https:\/\/alpagrumi.ch\/de\/wp-json\/wp\/v2\/posts\/8511","targetHints":{"allow":["GET"]}}],"collection":[{"href":"https:\/\/alpagrumi.ch\/de\/wp-json\/wp\/v2\/posts"}],"about":[{"href":"https:\/\/alpagrumi.ch\/de\/wp-json\/wp\/v2\/types\/post"}],"author":[{"embeddable":true,"href":"https:\/\/alpagrumi.ch\/de\/wp-json\/wp\/v2\/users\/1630"}],"replies":[{"embeddable":true,"href":"https:\/\/alpagrumi.ch\/de\/wp-json\/wp\/v2\/comments?post=8511"}],"version-history":[{"count":0,"href":"https:\/\/alpagrumi.ch\/de\/wp-json\/wp\/v2\/posts\/8511\/revisions"}],"wp:featuredmedia":[{"embeddable":true,"href":"https:\/\/alpagrumi.ch\/de\/wp-json\/wp\/v2\/media\/8446"}],"wp:attachment":[{"href":"https:\/\/alpagrumi.ch\/de\/wp-json\/wp\/v2\/media?parent=8511"}],"wp:term":[{"taxonomy":"category","embeddable":true,"href":"https:\/\/alpagrumi.ch\/de\/wp-json\/wp\/v2\/categories?post=8511"},{"taxonomy":"post_tag","embeddable":true,"href":"https:\/\/alpagrumi.ch\/de\/wp-json\/wp\/v2\/tags?post=8511"}],"curies":[{"name":"wp","href":"https:\/\/api.w.org\/{rel}","templated":true}]}}