{"id":8820,"date":"2023-04-02T22:03:44","date_gmt":"2023-04-02T20:03:44","guid":{"rendered":"https:\/\/alpagrumi.ch\/?p=8820"},"modified":"2023-04-25T22:52:57","modified_gmt":"2023-04-25T20:52:57","slug":"die-knospenphase-des-mandelbaums","status":"publish","type":"post","link":"https:\/\/alpagrumi.ch\/de\/die-knospenphase-des-mandelbaums\/","title":{"rendered":"Die Knospenphase des Mandelbaums"},"content":{"rendered":"\n<p>Der Fruchtansatz ist die kurze Zeit, in der sich die Fr\u00fcchte bilden. An den Mandelb\u00e4umen, kaum dass die Bl\u00fcten verschwunden sind, w\u00e4hrend einige Bl\u00fctenbl\u00e4tter noch h\u00e4ngen, bedecken die winzigen Mandeln bereits die \u00c4ste.<\/p>\n\n<figure class=\"wp-block-image size-large\"><img fetchpriority=\"high\" decoding=\"async\" width=\"768\" height=\"1024\" src=\"https:\/\/alpagrumi.ch\/wp-content\/uploads\/sites\/78\/2023\/04\/20230402_164657-768x1024.jpg\" alt=\"\" class=\"wp-image-8788\" srcset=\"https:\/\/alpagrumi.ch\/wp-content\/uploads\/sites\/78\/2023\/04\/20230402_164657-768x1024.jpg 768w, https:\/\/alpagrumi.ch\/wp-content\/uploads\/sites\/78\/2023\/04\/20230402_164657-225x300.jpg 225w, https:\/\/alpagrumi.ch\/wp-content\/uploads\/sites\/78\/2023\/04\/20230402_164657-1152x1536.jpg 1152w, https:\/\/alpagrumi.ch\/wp-content\/uploads\/sites\/78\/2023\/04\/20230402_164657-1536x2048.jpg 1536w, https:\/\/alpagrumi.ch\/wp-content\/uploads\/sites\/78\/2023\/04\/20230402_164657-1320x1760.jpg 1320w, https:\/\/alpagrumi.ch\/wp-content\/uploads\/sites\/78\/2023\/04\/20230402_164657-600x800.jpg 600w, https:\/\/alpagrumi.ch\/wp-content\/uploads\/sites\/78\/2023\/04\/20230402_164657-scaled.jpg 1920w\" sizes=\"(max-width: 768px) 100vw, 768px\" \/><\/figure>\n<figure class=\"wp-block-image size-large\"><img decoding=\"async\" width=\"768\" height=\"1024\" src=\"https:\/\/alpagrumi.ch\/wp-content\/uploads\/sites\/78\/2023\/04\/20230402_164517-768x1024.jpg\" alt=\"\" class=\"wp-image-8792\" srcset=\"https:\/\/alpagrumi.ch\/wp-content\/uploads\/sites\/78\/2023\/04\/20230402_164517-768x1024.jpg 768w, https:\/\/alpagrumi.ch\/wp-content\/uploads\/sites\/78\/2023\/04\/20230402_164517-225x300.jpg 225w, https:\/\/alpagrumi.ch\/wp-content\/uploads\/sites\/78\/2023\/04\/20230402_164517-1152x1536.jpg 1152w, https:\/\/alpagrumi.ch\/wp-content\/uploads\/sites\/78\/2023\/04\/20230402_164517-1536x2048.jpg 1536w, https:\/\/alpagrumi.ch\/wp-content\/uploads\/sites\/78\/2023\/04\/20230402_164517-1320x1760.jpg 1320w, https:\/\/alpagrumi.ch\/wp-content\/uploads\/sites\/78\/2023\/04\/20230402_164517-600x800.jpg 600w, https:\/\/alpagrumi.ch\/wp-content\/uploads\/sites\/78\/2023\/04\/20230402_164517-scaled.jpg 1920w\" sizes=\"(max-width: 768px) 100vw, 768px\" \/><\/figure>\n<p>Diese kleinen Fr\u00fcchte sind empfindlich und anf\u00e4llig f\u00fcr einen K\u00e4lteeinbruch im April.<\/p>\n\n<figure class=\"wp-block-image size-large\"><img decoding=\"async\" width=\"768\" height=\"1024\" src=\"https:\/\/alpagrumi.ch\/wp-content\/uploads\/sites\/78\/2023\/04\/20230402_164748-768x1024.jpg\" alt=\"\" class=\"wp-image-8796\" srcset=\"https:\/\/alpagrumi.ch\/wp-content\/uploads\/sites\/78\/2023\/04\/20230402_164748-768x1024.jpg 768w, https:\/\/alpagrumi.ch\/wp-content\/uploads\/sites\/78\/2023\/04\/20230402_164748-225x300.jpg 225w, https:\/\/alpagrumi.ch\/wp-content\/uploads\/sites\/78\/2023\/04\/20230402_164748-1152x1536.jpg 1152w, https:\/\/alpagrumi.ch\/wp-content\/uploads\/sites\/78\/2023\/04\/20230402_164748-1536x2048.jpg 1536w, https:\/\/alpagrumi.ch\/wp-content\/uploads\/sites\/78\/2023\/04\/20230402_164748-1320x1760.jpg 1320w, https:\/\/alpagrumi.ch\/wp-content\/uploads\/sites\/78\/2023\/04\/20230402_164748-600x800.jpg 600w, https:\/\/alpagrumi.ch\/wp-content\/uploads\/sites\/78\/2023\/04\/20230402_164748-scaled.jpg 1920w\" sizes=\"(max-width: 768px) 100vw, 768px\" \/><\/figure>\n<figure class=\"wp-block-image size-large\"><img loading=\"lazy\" decoding=\"async\" width=\"768\" height=\"1024\" src=\"https:\/\/alpagrumi.ch\/wp-content\/uploads\/sites\/78\/2023\/04\/20230402_164641-768x1024.jpg\" alt=\"\" class=\"wp-image-8800\" srcset=\"https:\/\/alpagrumi.ch\/wp-content\/uploads\/sites\/78\/2023\/04\/20230402_164641-768x1024.jpg 768w, https:\/\/alpagrumi.ch\/wp-content\/uploads\/sites\/78\/2023\/04\/20230402_164641-225x300.jpg 225w, https:\/\/alpagrumi.ch\/wp-content\/uploads\/sites\/78\/2023\/04\/20230402_164641-1152x1536.jpg 1152w, https:\/\/alpagrumi.ch\/wp-content\/uploads\/sites\/78\/2023\/04\/20230402_164641-1536x2048.jpg 1536w, https:\/\/alpagrumi.ch\/wp-content\/uploads\/sites\/78\/2023\/04\/20230402_164641-1320x1760.jpg 1320w, https:\/\/alpagrumi.ch\/wp-content\/uploads\/sites\/78\/2023\/04\/20230402_164641-600x800.jpg 600w, https:\/\/alpagrumi.ch\/wp-content\/uploads\/sites\/78\/2023\/04\/20230402_164641-scaled.jpg 1920w\" sizes=\"(max-width: 768px) 100vw, 768px\" \/><\/figure>\n<p>Sie sind jedoch so zahlreich, dass man im Herbst auf eine gute Ernte hoffen kann.<\/p>\n\n<figure class=\"wp-block-image size-large\"><img loading=\"lazy\" decoding=\"async\" width=\"768\" height=\"1024\" src=\"https:\/\/alpagrumi.ch\/wp-content\/uploads\/sites\/78\/2023\/04\/20230402_164401-768x1024.jpg\" alt=\"\" class=\"wp-image-8804\" srcset=\"https:\/\/alpagrumi.ch\/wp-content\/uploads\/sites\/78\/2023\/04\/20230402_164401-768x1024.jpg 768w, https:\/\/alpagrumi.ch\/wp-content\/uploads\/sites\/78\/2023\/04\/20230402_164401-225x300.jpg 225w, https:\/\/alpagrumi.ch\/wp-content\/uploads\/sites\/78\/2023\/04\/20230402_164401-1152x1536.jpg 1152w, https:\/\/alpagrumi.ch\/wp-content\/uploads\/sites\/78\/2023\/04\/20230402_164401-1536x2048.jpg 1536w, https:\/\/alpagrumi.ch\/wp-content\/uploads\/sites\/78\/2023\/04\/20230402_164401-1320x1760.jpg 1320w, https:\/\/alpagrumi.ch\/wp-content\/uploads\/sites\/78\/2023\/04\/20230402_164401-600x800.jpg 600w, https:\/\/alpagrumi.ch\/wp-content\/uploads\/sites\/78\/2023\/04\/20230402_164401-scaled.jpg 1920w\" sizes=\"(max-width: 768px) 100vw, 768px\" \/><\/figure>\n<figure class=\"wp-block-image size-large\"><img loading=\"lazy\" decoding=\"async\" width=\"1024\" height=\"768\" src=\"https:\/\/alpagrumi.ch\/wp-content\/uploads\/sites\/78\/2023\/04\/20230401_124706-1024x768.jpg\" alt=\"\" class=\"wp-image-8808\" srcset=\"https:\/\/alpagrumi.ch\/wp-content\/uploads\/sites\/78\/2023\/04\/20230401_124706-1024x768.jpg 1024w, https:\/\/alpagrumi.ch\/wp-content\/uploads\/sites\/78\/2023\/04\/20230401_124706-300x225.jpg 300w, https:\/\/alpagrumi.ch\/wp-content\/uploads\/sites\/78\/2023\/04\/20230401_124706-768x576.jpg 768w, https:\/\/alpagrumi.ch\/wp-content\/uploads\/sites\/78\/2023\/04\/20230401_124706-1536x1152.jpg 1536w, https:\/\/alpagrumi.ch\/wp-content\/uploads\/sites\/78\/2023\/04\/20230401_124706-2048x1536.jpg 2048w, https:\/\/alpagrumi.ch\/wp-content\/uploads\/sites\/78\/2023\/04\/20230401_124706-1320x990.jpg 1320w, https:\/\/alpagrumi.ch\/wp-content\/uploads\/sites\/78\/2023\/04\/20230401_124706-600x450.jpg 600w\" sizes=\"(max-width: 1024px) 100vw, 1024px\" \/><\/figure>\n<p>W\u00e4hrenddessen nehmen die H\u00fchner ein Erdbad.<\/p>\n\n<figure class=\"wp-block-image size-large\"><img loading=\"lazy\" decoding=\"async\" width=\"1024\" height=\"768\" src=\"https:\/\/alpagrumi.ch\/wp-content\/uploads\/sites\/78\/2023\/04\/20230401_124742-1024x768.jpg\" alt=\"\" class=\"wp-image-8812\" srcset=\"https:\/\/alpagrumi.ch\/wp-content\/uploads\/sites\/78\/2023\/04\/20230401_124742-1024x768.jpg 1024w, https:\/\/alpagrumi.ch\/wp-content\/uploads\/sites\/78\/2023\/04\/20230401_124742-300x225.jpg 300w, https:\/\/alpagrumi.ch\/wp-content\/uploads\/sites\/78\/2023\/04\/20230401_124742-768x576.jpg 768w, https:\/\/alpagrumi.ch\/wp-content\/uploads\/sites\/78\/2023\/04\/20230401_124742-1536x1152.jpg 1536w, https:\/\/alpagrumi.ch\/wp-content\/uploads\/sites\/78\/2023\/04\/20230401_124742-2048x1536.jpg 2048w, https:\/\/alpagrumi.ch\/wp-content\/uploads\/sites\/78\/2023\/04\/20230401_124742-1320x990.jpg 1320w, https:\/\/alpagrumi.ch\/wp-content\/uploads\/sites\/78\/2023\/04\/20230401_124742-600x450.jpg 600w\" sizes=\"(max-width: 1024px) 100vw, 1024px\" \/><\/figure>\n<p>Sobald sie lockere Erde finden, graben sie sich L\u00f6cher, sogenannte H\u00fchnernester. Dann legen sie sich in den Staub, str\u00e4uben sich, heben die Fl\u00fcgel und bewerfen sich mit Erde darunter, indem sie mit den Beinen kratzen.  <br \/>Das ist ihr Mittel gegen Parasiten, die sich unter den Federn einnisten. Sie k\u00f6nnen stundenlang darin verbringen.<\/p>\n","protected":false},"excerpt":{"rendered":"<p>Der Fruchtansatz ist die kurze Zeit, in der sich die Fr\u00fcchte bilden. An den Mandelb\u00e4umen, kaum dass die Bl\u00fcten verschwunden sind, w\u00e4hrend einige Bl\u00fctenbl\u00e4tter noch h\u00e4ngen, bedecken die winzigen Mandeln bereits die \u00c4ste. Diese kleinen Fr\u00fcchte sind empfindlich und anf\u00e4llig f\u00fcr einen K\u00e4lteeinbruch im April. Sie sind jedoch so zahlreich, dass man im Herbst auf [&hellip;]<\/p>\n","protected":false},"author":1630,"featured_media":8806,"comment_status":"closed","ping_status":"open","sticky":false,"template":"","format":"standard","meta":{"_seopress_robots_primary_cat":"","_seopress_titles_title":"","_seopress_titles_desc":"","_seopress_robots_index":"","footnotes":""},"categories":[63],"tags":[],"class_list":["post-8820","post","type-post","status-publish","format-standard","has-post-thumbnail","hentry","category-news-de"],"_links":{"self":[{"href":"https:\/\/alpagrumi.ch\/de\/wp-json\/wp\/v2\/posts\/8820","targetHints":{"allow":["GET"]}}],"collection":[{"href":"https:\/\/alpagrumi.ch\/de\/wp-json\/wp\/v2\/posts"}],"about":[{"href":"https:\/\/alpagrumi.ch\/de\/wp-json\/wp\/v2\/types\/post"}],"author":[{"embeddable":true,"href":"https:\/\/alpagrumi.ch\/de\/wp-json\/wp\/v2\/users\/1630"}],"replies":[{"embeddable":true,"href":"https:\/\/alpagrumi.ch\/de\/wp-json\/wp\/v2\/comments?post=8820"}],"version-history":[{"count":0,"href":"https:\/\/alpagrumi.ch\/de\/wp-json\/wp\/v2\/posts\/8820\/revisions"}],"wp:featuredmedia":[{"embeddable":true,"href":"https:\/\/alpagrumi.ch\/de\/wp-json\/wp\/v2\/media\/8806"}],"wp:attachment":[{"href":"https:\/\/alpagrumi.ch\/de\/wp-json\/wp\/v2\/media?parent=8820"}],"wp:term":[{"taxonomy":"category","embeddable":true,"href":"https:\/\/alpagrumi.ch\/de\/wp-json\/wp\/v2\/categories?post=8820"},{"taxonomy":"post_tag","embeddable":true,"href":"https:\/\/alpagrumi.ch\/de\/wp-json\/wp\/v2\/tags?post=8820"}],"curies":[{"name":"wp","href":"https:\/\/api.w.org\/{rel}","templated":true}]}}