{"id":10292,"date":"2023-05-20T00:44:14","date_gmt":"2023-05-19T22:44:14","guid":{"rendered":"https:\/\/alpagrumi.ch\/come-preparare-il-liquame-di-ortica\/"},"modified":"2023-05-20T00:59:46","modified_gmt":"2023-05-19T22:59:46","slug":"come-preparare-il-liquame-di-ortica","status":"publish","type":"post","link":"https:\/\/alpagrumi.ch\/it\/come-preparare-il-liquame-di-ortica\/","title":{"rendered":"Come preparare il macerato di ortica"},"content":{"rendered":"\n<p>Il macerato di ortica (Urtica dioica) \u00e8 utile durante tutta la stagione estiva, sia come fertilizzante naturale, sia come repellente per afidi e altri insetti nocivi, ma anche come prevenzione di malattie fungine (muffa, botrite e altre) e come stimolante delle difese naturali della pianta. La sua composizione chimica comprende i classici NPK (azoto, fosforo e potassio) ma anche ferro, calcio e magnesio.  <br\/>Un altro vantaggio \u00e8 che \u00e8 completamente gratuito, a patto che nella vostra zona crescano le ortiche.<br\/>Tuttavia, \u00e8 importante diluirlo sempre, 1 a 10 per l&#8217;uso come fertilizzante nelle annaffiature, 1 a 20 come repellente da spruzzare sulle foglie.<br\/>Vediamo come realizzarlo da soli.<br\/><br\/><em>Nota: il riferimento definitivo sui molteplici benefici del macerato di ortica \u00e8 uno studio del 1985 di Rolf Peterson e Paul Jensen intitolato: <\/em>&#8220;<em>Effects of Nettle Water on Growth and Mineral Nutrition of Plants. II. Pot- and Water-Culture Experiments<\/em>&#8220;Purtroppo non \u00e8 disponibile gratuitamente online.  <br\/>Su questo sito troverete uno studio pi\u00f9 ampio sull&#8217;Urtica dioica<a href=\"https:\/\/alpagrumi.ch\/it\/studi-su-malattie-e-parassiti\/\">(https:\/\/alpagrumi.ch\/etudes-maladies-et-parasites\/)<\/a>.<\/p>\n\n<p><br\/><\/p>\n\n<figure class=\"wp-block-image size-large\"><img fetchpriority=\"high\" decoding=\"async\" width=\"1024\" height=\"768\" src=\"https:\/\/alpagrumi.ch\/wp-content\/uploads\/sites\/78\/2023\/05\/20230404_102342-1024x768.jpg\" alt=\"\" class=\"wp-image-10199\" srcset=\"https:\/\/alpagrumi.ch\/wp-content\/uploads\/sites\/78\/2023\/05\/20230404_102342-1024x768.jpg 1024w, https:\/\/alpagrumi.ch\/wp-content\/uploads\/sites\/78\/2023\/05\/20230404_102342-300x225.jpg 300w, https:\/\/alpagrumi.ch\/wp-content\/uploads\/sites\/78\/2023\/05\/20230404_102342-768x576.jpg 768w, https:\/\/alpagrumi.ch\/wp-content\/uploads\/sites\/78\/2023\/05\/20230404_102342-1536x1152.jpg 1536w, https:\/\/alpagrumi.ch\/wp-content\/uploads\/sites\/78\/2023\/05\/20230404_102342-2048x1536.jpg 2048w, https:\/\/alpagrumi.ch\/wp-content\/uploads\/sites\/78\/2023\/05\/20230404_102342-1320x990.jpg 1320w, https:\/\/alpagrumi.ch\/wp-content\/uploads\/sites\/78\/2023\/05\/20230404_102342-600x450.jpg 600w\" sizes=\"(max-width: 1024px) 100vw, 1024px\" \/><figcaption class=\"wp-element-caption\">Ortica fresca a met\u00e0 aprile, ancora molto giovane e piccola.<\/figcaption><\/figure>\n<p>Raccogliete l&#8217;ortica fresca in primavera, prima che produca fiori e semi. Solo la parte aerea, non servono le radici. Pu\u00f2 quindi essere semplicemente falciato.  <br\/>L&#8217;ortica \u00e8 molto pungente, a volte anche attraverso i vestiti.  <br\/>Indossare guanti di pelle o di gomma, una tuta a maniche lunghe e arrotolare i guanti sopra le maniche. Evitate di scivolare e di tuffarvi di testa in un boschetto di ortiche: ve lo ricorderesti a lungo.<\/p>\n\n<figure class=\"wp-block-image size-large\"><img decoding=\"async\" width=\"1024\" height=\"768\" src=\"https:\/\/alpagrumi.ch\/wp-content\/uploads\/sites\/78\/2023\/05\/20230404_104037-1024x768.jpg\" alt=\"\" class=\"wp-image-10203\" srcset=\"https:\/\/alpagrumi.ch\/wp-content\/uploads\/sites\/78\/2023\/05\/20230404_104037-1024x768.jpg 1024w, https:\/\/alpagrumi.ch\/wp-content\/uploads\/sites\/78\/2023\/05\/20230404_104037-300x225.jpg 300w, https:\/\/alpagrumi.ch\/wp-content\/uploads\/sites\/78\/2023\/05\/20230404_104037-768x576.jpg 768w, https:\/\/alpagrumi.ch\/wp-content\/uploads\/sites\/78\/2023\/05\/20230404_104037-1536x1152.jpg 1536w, https:\/\/alpagrumi.ch\/wp-content\/uploads\/sites\/78\/2023\/05\/20230404_104037-2048x1536.jpg 2048w, https:\/\/alpagrumi.ch\/wp-content\/uploads\/sites\/78\/2023\/05\/20230404_104037-1320x990.jpg 1320w, https:\/\/alpagrumi.ch\/wp-content\/uploads\/sites\/78\/2023\/05\/20230404_104037-600x450.jpg 600w\" sizes=\"(max-width: 1024px) 100vw, 1024px\" \/><figcaption class=\"wp-element-caption\">Lo stesso boschetto dopo aver raccolto tutto. Le ortiche ricresceranno rapidamente, in due o tre settimane potrete raccogliere di nuovo se necessario.<\/figcaption><\/figure>\n<figure class=\"wp-block-image size-large\"><img decoding=\"async\" width=\"1024\" height=\"768\" src=\"https:\/\/alpagrumi.ch\/wp-content\/uploads\/sites\/78\/2023\/05\/20230404_104527-1024x768.jpg\" alt=\"\" class=\"wp-image-10207\" srcset=\"https:\/\/alpagrumi.ch\/wp-content\/uploads\/sites\/78\/2023\/05\/20230404_104527-1024x768.jpg 1024w, https:\/\/alpagrumi.ch\/wp-content\/uploads\/sites\/78\/2023\/05\/20230404_104527-300x225.jpg 300w, https:\/\/alpagrumi.ch\/wp-content\/uploads\/sites\/78\/2023\/05\/20230404_104527-768x576.jpg 768w, https:\/\/alpagrumi.ch\/wp-content\/uploads\/sites\/78\/2023\/05\/20230404_104527-1536x1152.jpg 1536w, https:\/\/alpagrumi.ch\/wp-content\/uploads\/sites\/78\/2023\/05\/20230404_104527-2048x1536.jpg 2048w, https:\/\/alpagrumi.ch\/wp-content\/uploads\/sites\/78\/2023\/05\/20230404_104527-1320x990.jpg 1320w, https:\/\/alpagrumi.ch\/wp-content\/uploads\/sites\/78\/2023\/05\/20230404_104527-600x450.jpg 600w\" sizes=\"(max-width: 1024px) 100vw, 1024px\" \/><figcaption class=\"wp-element-caption\">Il boschetto di circa un metro quadrato ha dato due chili di ortiche fresche.<\/figcaption><\/figure>\n<p>Le ortiche fresche vanno ora sminuzzate, non necessariamente in pezzi molto piccoli, ma evitando di lasciare interi i lunghi gambi. Tenete i guanti!<\/p>\n\n<figure class=\"wp-block-image size-large\"><img loading=\"lazy\" decoding=\"async\" width=\"1024\" height=\"768\" src=\"https:\/\/alpagrumi.ch\/wp-content\/uploads\/sites\/78\/2023\/05\/20230404_105332-1024x768.jpg\" alt=\"\" class=\"wp-image-10215\" srcset=\"https:\/\/alpagrumi.ch\/wp-content\/uploads\/sites\/78\/2023\/05\/20230404_105332-1024x768.jpg 1024w, https:\/\/alpagrumi.ch\/wp-content\/uploads\/sites\/78\/2023\/05\/20230404_105332-300x225.jpg 300w, https:\/\/alpagrumi.ch\/wp-content\/uploads\/sites\/78\/2023\/05\/20230404_105332-768x576.jpg 768w, https:\/\/alpagrumi.ch\/wp-content\/uploads\/sites\/78\/2023\/05\/20230404_105332-1536x1152.jpg 1536w, https:\/\/alpagrumi.ch\/wp-content\/uploads\/sites\/78\/2023\/05\/20230404_105332-2048x1536.jpg 2048w, https:\/\/alpagrumi.ch\/wp-content\/uploads\/sites\/78\/2023\/05\/20230404_105332-1320x990.jpg 1320w, https:\/\/alpagrumi.ch\/wp-content\/uploads\/sites\/78\/2023\/05\/20230404_105332-600x450.jpg 600w\" sizes=\"(max-width: 1024px) 100vw, 1024px\" \/><figcaption class=\"wp-element-caption\">Un chilo di ortiche fresche tritate grossolanamente con le forbici.<\/figcaption><\/figure>\n<p>Ora faremo fermentare queste ortiche. A tal fine, \u00e8 necessario evitare tutto ci\u00f2 che potrebbe disturbare la reazione chimica. Quindi, prima di tutto, un contenitore non metallico, sciacquato e privo di residui, con un&#8217;ampia apertura in alto. Gettare sul fondo le ortiche tritate.<\/p>\n\n<figure class=\"wp-block-image size-large\"><img loading=\"lazy\" decoding=\"async\" width=\"768\" height=\"1024\" src=\"https:\/\/alpagrumi.ch\/wp-content\/uploads\/sites\/78\/2023\/05\/20230404_105951-768x1024.jpg\" alt=\"\" class=\"wp-image-10220\" srcset=\"https:\/\/alpagrumi.ch\/wp-content\/uploads\/sites\/78\/2023\/05\/20230404_105951-768x1024.jpg 768w, https:\/\/alpagrumi.ch\/wp-content\/uploads\/sites\/78\/2023\/05\/20230404_105951-225x300.jpg 225w, https:\/\/alpagrumi.ch\/wp-content\/uploads\/sites\/78\/2023\/05\/20230404_105951-1152x1536.jpg 1152w, https:\/\/alpagrumi.ch\/wp-content\/uploads\/sites\/78\/2023\/05\/20230404_105951-1536x2048.jpg 1536w, https:\/\/alpagrumi.ch\/wp-content\/uploads\/sites\/78\/2023\/05\/20230404_105951-1320x1760.jpg 1320w, https:\/\/alpagrumi.ch\/wp-content\/uploads\/sites\/78\/2023\/05\/20230404_105951-600x800.jpg 600w, https:\/\/alpagrumi.ch\/wp-content\/uploads\/sites\/78\/2023\/05\/20230404_105951-scaled.jpg 1920w\" sizes=\"(max-width: 768px) 100vw, 768px\" \/><figcaption class=\"wp-element-caption\">Un fusto da 50 litri, recuperato e segato per ottenere un&#8217;ampia apertura.<\/figcaption><\/figure>\n<p>Poi l&#8217;acqua piovana. Non utilizzare l&#8217;acqua potabile del rubinetto. Contiene, tra l&#8217;altro, cloro, che sarebbe un ostacolo a una corretta fermentazione. Non importa se l&#8217;acqua piovana \u00e8 torbida o un po&#8217; terrosa, persino verde di alghe, \u00e8 l&#8217;acqua pi\u00f9 naturale che si possa trovare oggi. In teoria, l&#8217;acqua di pozzo o di ruscello potrebbe essere adatta. Ma se vivete in una zona agricola, in particolare in una regione vinicola, l&#8217;acqua pu\u00f2 essere ancora pi\u00f9 carica di sostanze chimiche rispetto all&#8217;acqua del rubinetto.  <\/p>\n\n<figure class=\"wp-block-image size-large\"><img loading=\"lazy\" decoding=\"async\" width=\"768\" height=\"1024\" src=\"https:\/\/alpagrumi.ch\/wp-content\/uploads\/sites\/78\/2023\/05\/20230404_110155-768x1024.jpg\" alt=\"\" class=\"wp-image-10224\" srcset=\"https:\/\/alpagrumi.ch\/wp-content\/uploads\/sites\/78\/2023\/05\/20230404_110155-768x1024.jpg 768w, https:\/\/alpagrumi.ch\/wp-content\/uploads\/sites\/78\/2023\/05\/20230404_110155-225x300.jpg 225w, https:\/\/alpagrumi.ch\/wp-content\/uploads\/sites\/78\/2023\/05\/20230404_110155-1152x1536.jpg 1152w, https:\/\/alpagrumi.ch\/wp-content\/uploads\/sites\/78\/2023\/05\/20230404_110155-1536x2048.jpg 1536w, https:\/\/alpagrumi.ch\/wp-content\/uploads\/sites\/78\/2023\/05\/20230404_110155-1320x1760.jpg 1320w, https:\/\/alpagrumi.ch\/wp-content\/uploads\/sites\/78\/2023\/05\/20230404_110155-600x800.jpg 600w, https:\/\/alpagrumi.ch\/wp-content\/uploads\/sites\/78\/2023\/05\/20230404_110155-scaled.jpg 1920w\" sizes=\"(max-width: 768px) 100vw, 768px\" \/><figcaption class=\"wp-element-caption\">Un contenitore posto sotto una grondaia si riempie da solo.<\/figcaption><\/figure>\n<p>Versate l&#8217;acqua piovana sulle ortiche tritate, nella proporzione di 10 litri d&#8217;acqua per un chilo di ortiche fresche. Se si utilizza l&#8217;ortica essiccata (anche questa funziona), il rapporto \u00e8 di 10 litri d&#8217;acqua per 100 grammi di ortica essiccata.<\/p>\n\n<figure class=\"wp-block-image size-large\"><img loading=\"lazy\" decoding=\"async\" width=\"768\" height=\"1024\" src=\"https:\/\/alpagrumi.ch\/wp-content\/uploads\/sites\/78\/2023\/05\/20230404_110407-768x1024.jpg\" alt=\"\" class=\"wp-image-10229\" srcset=\"https:\/\/alpagrumi.ch\/wp-content\/uploads\/sites\/78\/2023\/05\/20230404_110407-768x1024.jpg 768w, https:\/\/alpagrumi.ch\/wp-content\/uploads\/sites\/78\/2023\/05\/20230404_110407-225x300.jpg 225w, https:\/\/alpagrumi.ch\/wp-content\/uploads\/sites\/78\/2023\/05\/20230404_110407-1152x1536.jpg 1152w, https:\/\/alpagrumi.ch\/wp-content\/uploads\/sites\/78\/2023\/05\/20230404_110407-1536x2048.jpg 1536w, https:\/\/alpagrumi.ch\/wp-content\/uploads\/sites\/78\/2023\/05\/20230404_110407-1320x1760.jpg 1320w, https:\/\/alpagrumi.ch\/wp-content\/uploads\/sites\/78\/2023\/05\/20230404_110407-600x800.jpg 600w, https:\/\/alpagrumi.ch\/wp-content\/uploads\/sites\/78\/2023\/05\/20230404_110407-scaled.jpg 1920w\" sizes=\"(max-width: 768px) 100vw, 768px\" \/><figcaption class=\"wp-element-caption\">Per i nostri due chili di ortiche fresche, 2 annaffiatoi (20 litri) di acqua piovana.<\/figcaption><\/figure>\n<figure class=\"wp-block-image size-large\"><img loading=\"lazy\" decoding=\"async\" width=\"1024\" height=\"768\" src=\"https:\/\/alpagrumi.ch\/wp-content\/uploads\/sites\/78\/2023\/05\/20230404_110746-1024x768.jpg\" alt=\"\" class=\"wp-image-10233\" srcset=\"https:\/\/alpagrumi.ch\/wp-content\/uploads\/sites\/78\/2023\/05\/20230404_110746-1024x768.jpg 1024w, https:\/\/alpagrumi.ch\/wp-content\/uploads\/sites\/78\/2023\/05\/20230404_110746-300x225.jpg 300w, https:\/\/alpagrumi.ch\/wp-content\/uploads\/sites\/78\/2023\/05\/20230404_110746-768x576.jpg 768w, https:\/\/alpagrumi.ch\/wp-content\/uploads\/sites\/78\/2023\/05\/20230404_110746-1536x1152.jpg 1536w, https:\/\/alpagrumi.ch\/wp-content\/uploads\/sites\/78\/2023\/05\/20230404_110746-2048x1536.jpg 2048w, https:\/\/alpagrumi.ch\/wp-content\/uploads\/sites\/78\/2023\/05\/20230404_110746-1320x990.jpg 1320w, https:\/\/alpagrumi.ch\/wp-content\/uploads\/sites\/78\/2023\/05\/20230404_110746-600x450.jpg 600w\" sizes=\"(max-width: 1024px) 100vw, 1024px\" \/><figcaption class=\"wp-element-caption\">Mescolare con un bastone per bagnare e impregnare tutta la massa vegetale.<\/figcaption><\/figure>\n<p>Nessun ingrediente aggiuntivo: ortiche, acqua piovana e aria, tutto qui.<br\/>Le ortiche inizieranno lentamente a fermentare e a rilasciare tutte le loro sostanze attive e nutritive. L&#8217;apertura del contenitore deve essere coperta con un velo per evitare la caduta di insetti o foglie. Questo velo non deve bloccare il flusso d&#8217;aria, \u00e8 necessario che la miscela rimanga aerata.<br\/><\/p>\n\n<figure class=\"wp-block-image size-large\"><img loading=\"lazy\" decoding=\"async\" width=\"768\" height=\"1024\" src=\"https:\/\/alpagrumi.ch\/wp-content\/uploads\/sites\/78\/2023\/05\/20230404_110932-768x1024.jpg\" alt=\"\" class=\"wp-image-10238\" srcset=\"https:\/\/alpagrumi.ch\/wp-content\/uploads\/sites\/78\/2023\/05\/20230404_110932-768x1024.jpg 768w, https:\/\/alpagrumi.ch\/wp-content\/uploads\/sites\/78\/2023\/05\/20230404_110932-225x300.jpg 225w, https:\/\/alpagrumi.ch\/wp-content\/uploads\/sites\/78\/2023\/05\/20230404_110932-1152x1536.jpg 1152w, https:\/\/alpagrumi.ch\/wp-content\/uploads\/sites\/78\/2023\/05\/20230404_110932-1536x2048.jpg 1536w, https:\/\/alpagrumi.ch\/wp-content\/uploads\/sites\/78\/2023\/05\/20230404_110932-1320x1760.jpg 1320w, https:\/\/alpagrumi.ch\/wp-content\/uploads\/sites\/78\/2023\/05\/20230404_110932-600x800.jpg 600w, https:\/\/alpagrumi.ch\/wp-content\/uploads\/sites\/78\/2023\/05\/20230404_110932-scaled.jpg 1920w\" sizes=\"(max-width: 768px) 100vw, 768px\" \/><figcaption class=\"wp-element-caption\">Assia per coprire, con tavole per tenerla in posizione.<\/figcaption><\/figure>\n<p>Per favorire l&#8217;aerazione, \u00e8 necessario mescolare con un bastone almeno una o due volte al giorno.<br\/>Dopo qualche giorno, la miscela inizier\u00e0 a schiumare.<\/p>\n\n<figure class=\"wp-block-image size-large\"><img loading=\"lazy\" decoding=\"async\" width=\"768\" height=\"1024\" src=\"https:\/\/alpagrumi.ch\/wp-content\/uploads\/sites\/78\/2023\/05\/20230411_182442-768x1024.jpg\" alt=\"\" class=\"wp-image-10242\" srcset=\"https:\/\/alpagrumi.ch\/wp-content\/uploads\/sites\/78\/2023\/05\/20230411_182442-768x1024.jpg 768w, https:\/\/alpagrumi.ch\/wp-content\/uploads\/sites\/78\/2023\/05\/20230411_182442-225x300.jpg 225w, https:\/\/alpagrumi.ch\/wp-content\/uploads\/sites\/78\/2023\/05\/20230411_182442-1152x1536.jpg 1152w, https:\/\/alpagrumi.ch\/wp-content\/uploads\/sites\/78\/2023\/05\/20230411_182442-1536x2048.jpg 1536w, https:\/\/alpagrumi.ch\/wp-content\/uploads\/sites\/78\/2023\/05\/20230411_182442-1320x1760.jpg 1320w, https:\/\/alpagrumi.ch\/wp-content\/uploads\/sites\/78\/2023\/05\/20230411_182442-600x800.jpg 600w, https:\/\/alpagrumi.ch\/wp-content\/uploads\/sites\/78\/2023\/05\/20230411_182442-scaled.jpg 1920w\" sizes=\"(max-width: 768px) 100vw, 768px\" \/><figcaption class=\"wp-element-caption\">Si sta formando una schiuma, la fermentazione \u00e8 iniziata.<\/figcaption><\/figure>\n<p>La fermentazione pu\u00f2 durare diverse settimane, almeno due. Quando non \u00e8 pi\u00f9 visibile la schiuma, il lavoro \u00e8 terminato. Ma questo pu\u00f2 essere fuorviante, personalmente lo lascio fermentare per un mese.<\/p>\n\n<figure class=\"wp-block-image size-large\"><img loading=\"lazy\" decoding=\"async\" width=\"768\" height=\"1024\" src=\"https:\/\/alpagrumi.ch\/wp-content\/uploads\/sites\/78\/2023\/05\/20230423_165816-768x1024.jpg\" alt=\"\" class=\"wp-image-10246\" srcset=\"https:\/\/alpagrumi.ch\/wp-content\/uploads\/sites\/78\/2023\/05\/20230423_165816-768x1024.jpg 768w, https:\/\/alpagrumi.ch\/wp-content\/uploads\/sites\/78\/2023\/05\/20230423_165816-225x300.jpg 225w, https:\/\/alpagrumi.ch\/wp-content\/uploads\/sites\/78\/2023\/05\/20230423_165816-1152x1536.jpg 1152w, https:\/\/alpagrumi.ch\/wp-content\/uploads\/sites\/78\/2023\/05\/20230423_165816-1536x2048.jpg 1536w, https:\/\/alpagrumi.ch\/wp-content\/uploads\/sites\/78\/2023\/05\/20230423_165816-1320x1760.jpg 1320w, https:\/\/alpagrumi.ch\/wp-content\/uploads\/sites\/78\/2023\/05\/20230423_165816-600x800.jpg 600w, https:\/\/alpagrumi.ch\/wp-content\/uploads\/sites\/78\/2023\/05\/20230423_165816-scaled.jpg 1920w\" sizes=\"(max-width: 768px) 100vw, 768px\" \/><figcaption class=\"wp-element-caption\">Il macerato dopo 12 giorni di fermentazione. Niente pi\u00f9 bolle, sembra che sia finita&#8230;<\/figcaption><\/figure>\n<figure class=\"wp-block-image size-large\"><img loading=\"lazy\" decoding=\"async\" width=\"768\" height=\"1024\" src=\"https:\/\/alpagrumi.ch\/wp-content\/uploads\/sites\/78\/2023\/05\/20230423_165907-768x1024.jpg\" alt=\"\" class=\"wp-image-10250\" srcset=\"https:\/\/alpagrumi.ch\/wp-content\/uploads\/sites\/78\/2023\/05\/20230423_165907-768x1024.jpg 768w, https:\/\/alpagrumi.ch\/wp-content\/uploads\/sites\/78\/2023\/05\/20230423_165907-225x300.jpg 225w, https:\/\/alpagrumi.ch\/wp-content\/uploads\/sites\/78\/2023\/05\/20230423_165907-1152x1536.jpg 1152w, https:\/\/alpagrumi.ch\/wp-content\/uploads\/sites\/78\/2023\/05\/20230423_165907-1536x2048.jpg 1536w, https:\/\/alpagrumi.ch\/wp-content\/uploads\/sites\/78\/2023\/05\/20230423_165907-1320x1760.jpg 1320w, https:\/\/alpagrumi.ch\/wp-content\/uploads\/sites\/78\/2023\/05\/20230423_165907-600x800.jpg 600w, https:\/\/alpagrumi.ch\/wp-content\/uploads\/sites\/78\/2023\/05\/20230423_165907-scaled.jpg 1920w\" sizes=\"(max-width: 768px) 100vw, 768px\" \/><figcaption class=\"wp-element-caption\">&#8230; ma dopo aver mescolato e aerato un po&#8217; con un bastone, fa ancora molta schiuma.<\/figcaption><\/figure>\n<p>Un mese dopo, dopo aver agitato e aerato due volte al giorno, si \u00e8 ragionevolmente certi che la fermentazione sia completa. Mi affido anche a un altro segno rivelatore, ovvero l&#8217;odore della miscela. Finch\u00e9 non \u00e8 assolutamente ripugnante, quasi insopportabilmente puzzolente, lo lascio ancora fermentare. Si chiama macerato per un motivo preciso.<\/p>\n\n<p>Una volta completata la fermentazione, il liquido viene filtrato e imbottigliato. Assicuratevi di avere tutto il necessario prima di iniziare l&#8217;operazione.<\/p>\n\n<figure class=\"wp-block-image size-large\"><img loading=\"lazy\" decoding=\"async\" width=\"1024\" height=\"768\" src=\"https:\/\/alpagrumi.ch\/wp-content\/uploads\/sites\/78\/2023\/05\/20230518_180319-1024x768.jpg\" alt=\"\" class=\"wp-image-10254\" srcset=\"https:\/\/alpagrumi.ch\/wp-content\/uploads\/sites\/78\/2023\/05\/20230518_180319-1024x768.jpg 1024w, https:\/\/alpagrumi.ch\/wp-content\/uploads\/sites\/78\/2023\/05\/20230518_180319-300x225.jpg 300w, https:\/\/alpagrumi.ch\/wp-content\/uploads\/sites\/78\/2023\/05\/20230518_180319-768x576.jpg 768w, https:\/\/alpagrumi.ch\/wp-content\/uploads\/sites\/78\/2023\/05\/20230518_180319-1536x1152.jpg 1536w, https:\/\/alpagrumi.ch\/wp-content\/uploads\/sites\/78\/2023\/05\/20230518_180319-2048x1536.jpg 2048w, https:\/\/alpagrumi.ch\/wp-content\/uploads\/sites\/78\/2023\/05\/20230518_180319-1320x990.jpg 1320w, https:\/\/alpagrumi.ch\/wp-content\/uploads\/sites\/78\/2023\/05\/20230518_180319-600x450.jpg 600w\" sizes=\"(max-width: 1024px) 100vw, 1024px\" \/><figcaption class=\"wp-element-caption\">Attrezzature per il filtraggio e l&#8217;imbottigliamento. Almeno due contenitori, un colino e bottiglie opache.<\/figcaption><\/figure>\n<figure class=\"wp-block-image size-large\"><img loading=\"lazy\" decoding=\"async\" width=\"1024\" height=\"768\" src=\"https:\/\/alpagrumi.ch\/wp-content\/uploads\/sites\/78\/2023\/05\/20230518_180414-1024x768.jpg\" alt=\"\" class=\"wp-image-10258\" srcset=\"https:\/\/alpagrumi.ch\/wp-content\/uploads\/sites\/78\/2023\/05\/20230518_180414-1024x768.jpg 1024w, https:\/\/alpagrumi.ch\/wp-content\/uploads\/sites\/78\/2023\/05\/20230518_180414-300x225.jpg 300w, https:\/\/alpagrumi.ch\/wp-content\/uploads\/sites\/78\/2023\/05\/20230518_180414-768x576.jpg 768w, https:\/\/alpagrumi.ch\/wp-content\/uploads\/sites\/78\/2023\/05\/20230518_180414-1536x1152.jpg 1536w, https:\/\/alpagrumi.ch\/wp-content\/uploads\/sites\/78\/2023\/05\/20230518_180414-2048x1536.jpg 2048w, https:\/\/alpagrumi.ch\/wp-content\/uploads\/sites\/78\/2023\/05\/20230518_180414-1320x990.jpg 1320w, https:\/\/alpagrumi.ch\/wp-content\/uploads\/sites\/78\/2023\/05\/20230518_180414-600x450.jpg 600w\" sizes=\"(max-width: 1024px) 100vw, 1024px\" \/><figcaption class=\"wp-element-caption\">Primo filtraggio. Il liquido \u00e8 verde scuro e denso.<\/figcaption><\/figure>\n<figure class=\"wp-block-image size-large\"><img loading=\"lazy\" decoding=\"async\" width=\"768\" height=\"1024\" src=\"https:\/\/alpagrumi.ch\/wp-content\/uploads\/sites\/78\/2023\/05\/20230518_180813-768x1024.jpg\" alt=\"\" class=\"wp-image-10262\" srcset=\"https:\/\/alpagrumi.ch\/wp-content\/uploads\/sites\/78\/2023\/05\/20230518_180813-768x1024.jpg 768w, https:\/\/alpagrumi.ch\/wp-content\/uploads\/sites\/78\/2023\/05\/20230518_180813-225x300.jpg 225w, https:\/\/alpagrumi.ch\/wp-content\/uploads\/sites\/78\/2023\/05\/20230518_180813-1152x1536.jpg 1152w, https:\/\/alpagrumi.ch\/wp-content\/uploads\/sites\/78\/2023\/05\/20230518_180813-1536x2048.jpg 1536w, https:\/\/alpagrumi.ch\/wp-content\/uploads\/sites\/78\/2023\/05\/20230518_180813-1320x1760.jpg 1320w, https:\/\/alpagrumi.ch\/wp-content\/uploads\/sites\/78\/2023\/05\/20230518_180813-600x800.jpg 600w, https:\/\/alpagrumi.ch\/wp-content\/uploads\/sites\/78\/2023\/05\/20230518_180813-scaled.jpg 1920w\" sizes=\"(max-width: 768px) 100vw, 768px\" \/><figcaption class=\"wp-element-caption\">Secondo filtraggio. Ripetere l&#8217;operazione tre o quattro volte, pulendo ogni volta il colino.<\/figcaption><\/figure>\n<figure class=\"wp-block-image size-large\"><img loading=\"lazy\" decoding=\"async\" width=\"768\" height=\"1024\" src=\"https:\/\/alpagrumi.ch\/wp-content\/uploads\/sites\/78\/2023\/05\/20230518_181827-768x1024.jpg\" alt=\"\" class=\"wp-image-10266\" srcset=\"https:\/\/alpagrumi.ch\/wp-content\/uploads\/sites\/78\/2023\/05\/20230518_181827-768x1024.jpg 768w, https:\/\/alpagrumi.ch\/wp-content\/uploads\/sites\/78\/2023\/05\/20230518_181827-225x300.jpg 225w, https:\/\/alpagrumi.ch\/wp-content\/uploads\/sites\/78\/2023\/05\/20230518_181827-1152x1536.jpg 1152w, https:\/\/alpagrumi.ch\/wp-content\/uploads\/sites\/78\/2023\/05\/20230518_181827-1536x2048.jpg 1536w, https:\/\/alpagrumi.ch\/wp-content\/uploads\/sites\/78\/2023\/05\/20230518_181827-1320x1760.jpg 1320w, https:\/\/alpagrumi.ch\/wp-content\/uploads\/sites\/78\/2023\/05\/20230518_181827-600x800.jpg 600w, https:\/\/alpagrumi.ch\/wp-content\/uploads\/sites\/78\/2023\/05\/20230518_181827-scaled.jpg 1920w\" sizes=\"(max-width: 768px) 100vw, 768px\" \/><figcaption class=\"wp-element-caption\">Versare quindi in bottiglie opache, o almeno di colore scuro.<\/figcaption><\/figure>\n<figure class=\"wp-block-image size-large\"><img loading=\"lazy\" decoding=\"async\" width=\"1024\" height=\"768\" src=\"https:\/\/alpagrumi.ch\/wp-content\/uploads\/sites\/78\/2023\/05\/20230518_185525-1024x768.jpg\" alt=\"\" class=\"wp-image-10270\" srcset=\"https:\/\/alpagrumi.ch\/wp-content\/uploads\/sites\/78\/2023\/05\/20230518_185525-1024x768.jpg 1024w, https:\/\/alpagrumi.ch\/wp-content\/uploads\/sites\/78\/2023\/05\/20230518_185525-300x225.jpg 300w, https:\/\/alpagrumi.ch\/wp-content\/uploads\/sites\/78\/2023\/05\/20230518_185525-768x576.jpg 768w, https:\/\/alpagrumi.ch\/wp-content\/uploads\/sites\/78\/2023\/05\/20230518_185525-1536x1152.jpg 1536w, https:\/\/alpagrumi.ch\/wp-content\/uploads\/sites\/78\/2023\/05\/20230518_185525-2048x1536.jpg 2048w, https:\/\/alpagrumi.ch\/wp-content\/uploads\/sites\/78\/2023\/05\/20230518_185525-1320x990.jpg 1320w, https:\/\/alpagrumi.ch\/wp-content\/uploads\/sites\/78\/2023\/05\/20230518_185525-600x450.jpg 600w\" sizes=\"(max-width: 1024px) 100vw, 1024px\" \/><figcaption class=\"wp-element-caption\">Il risultato finale. 14 litri di macerato di ortica concentrato. Durante il mese di fermentazione si \u00e8 verificata una certa evaporazione. Una volta diluito, corrisponde a 140 litri di uno dei migliori fertilizzanti disponibili, a costo zero.<\/figcaption><\/figure>\n<p>Le bottiglie devono essere ben chiuse e conservate in un luogo fresco e ombreggiato. In queste condizioni, il macerato di ortica conserva le sue qualit\u00e0 per almeno 18 mesi. <\/p>\n\n<p>Prima di utilizzarlo, \u00e8 indispensabile diluirlo sempre.<br\/>Per concimare con l&#8217;acqua: 1 litro di macerato per 9-10 litri d&#8217;acqua (possibilmente acqua piovana).<br\/>Per prevenire parassiti e malattie irrorando il fogliame: 1 litro di macerato per 15-20 litri d&#8217;acqua.<\/p>\n\n<p>Questi dosaggi devono essere rispettati, poich\u00e9 il macerato di ortica puro \u00e8 molto concentrato di elementi e potrebbe &#8220;bruciare&#8221; il fogliame o le radici.<br\/><\/p>\n\n<p>Alcuni utilizzano il macerato di ortica per fertilizzare l&#8217;orto, annaffiando tra le file (non direttamente sulle piante), quando il terreno \u00e8 povero o esaurito. Noi non lo facciamo, il terreno del nostro orto \u00e8 buono e aggiungiamo letame e compost ogni inverno. Per noi \u00e8 riservato agli agrumi o ad altri alberi da frutto. Il macerato diluito viene applicato in cerchio intorno all&#8217;albero, sotto la punta dei rami e mai vicino al tronco. <\/p>\n\n<figure class=\"wp-block-image size-large\"><img loading=\"lazy\" decoding=\"async\" width=\"768\" height=\"1024\" src=\"https:\/\/alpagrumi.ch\/wp-content\/uploads\/sites\/78\/2023\/05\/20230516_200516-768x1024.jpg\" alt=\"\" class=\"wp-image-10276\" srcset=\"https:\/\/alpagrumi.ch\/wp-content\/uploads\/sites\/78\/2023\/05\/20230516_200516-768x1024.jpg 768w, https:\/\/alpagrumi.ch\/wp-content\/uploads\/sites\/78\/2023\/05\/20230516_200516-225x300.jpg 225w, https:\/\/alpagrumi.ch\/wp-content\/uploads\/sites\/78\/2023\/05\/20230516_200516-1152x1536.jpg 1152w, https:\/\/alpagrumi.ch\/wp-content\/uploads\/sites\/78\/2023\/05\/20230516_200516-1536x2048.jpg 1536w, https:\/\/alpagrumi.ch\/wp-content\/uploads\/sites\/78\/2023\/05\/20230516_200516-1320x1760.jpg 1320w, https:\/\/alpagrumi.ch\/wp-content\/uploads\/sites\/78\/2023\/05\/20230516_200516-600x800.jpg 600w, https:\/\/alpagrumi.ch\/wp-content\/uploads\/sites\/78\/2023\/05\/20230516_200516-scaled.jpg 1920w\" sizes=\"(max-width: 768px) 100vw, 768px\" \/><\/figure>\n<p>Non c&#8217;\u00e8 ancora bisogno di fertilizzanti per queste giovani viti piantate un mese fa. Sono tutte variet\u00e0 italiane resistenti alle malattie (PIWI) e ad acino bianco (per evitare la drosophila suzuki). <br\/>In ogni caso, queste viti non riceveranno mai neanche la piu minima dose di pesticidi o fertilizzanti chimici.<br\/>Nel gennaio del 2023 siamo finalmente riusciti ad avviare la conversione Bio. Se tutto va bene, saremo certificati Bio Suisse nel 2025.  <br\/>Come misura preventiva, utilizzeremo macerato di ortica in aprile\/maggio, quando i grappoli si stanno formando, e all&#8217;invaiatura, in luglio. <\/p>\n","protected":false},"excerpt":{"rendered":"<p>Il macerato di ortica (Urtica dioica) \u00e8 utile durante tutta la stagione estiva, sia come fertilizzante naturale, sia come repellente per afidi e altri insetti nocivi, ma anche come prevenzione di malattie fungine (muffa, botrite e altre) e come stimolante delle difese naturali della pianta. La sua composizione chimica comprende i classici NPK (azoto, fosforo [&hellip;]<\/p>\n","protected":false},"author":1630,"featured_media":10287,"comment_status":"closed","ping_status":"open","sticky":false,"template":"","format":"standard","meta":{"_seopress_robots_primary_cat":"","_seopress_titles_title":"","_seopress_titles_desc":"","_seopress_robots_index":"","footnotes":""},"categories":[64],"tags":[],"class_list":["post-10292","post","type-post","status-publish","format-standard","has-post-thumbnail","hentry","category-notizie"],"_links":{"self":[{"href":"https:\/\/alpagrumi.ch\/it\/wp-json\/wp\/v2\/posts\/10292","targetHints":{"allow":["GET"]}}],"collection":[{"href":"https:\/\/alpagrumi.ch\/it\/wp-json\/wp\/v2\/posts"}],"about":[{"href":"https:\/\/alpagrumi.ch\/it\/wp-json\/wp\/v2\/types\/post"}],"author":[{"embeddable":true,"href":"https:\/\/alpagrumi.ch\/it\/wp-json\/wp\/v2\/users\/1630"}],"replies":[{"embeddable":true,"href":"https:\/\/alpagrumi.ch\/it\/wp-json\/wp\/v2\/comments?post=10292"}],"version-history":[{"count":0,"href":"https:\/\/alpagrumi.ch\/it\/wp-json\/wp\/v2\/posts\/10292\/revisions"}],"wp:featuredmedia":[{"embeddable":true,"href":"https:\/\/alpagrumi.ch\/it\/wp-json\/wp\/v2\/media\/10287"}],"wp:attachment":[{"href":"https:\/\/alpagrumi.ch\/it\/wp-json\/wp\/v2\/media?parent=10292"}],"wp:term":[{"taxonomy":"category","embeddable":true,"href":"https:\/\/alpagrumi.ch\/it\/wp-json\/wp\/v2\/categories?post=10292"},{"taxonomy":"post_tag","embeddable":true,"href":"https:\/\/alpagrumi.ch\/it\/wp-json\/wp\/v2\/tags?post=10292"}],"curies":[{"name":"wp","href":"https:\/\/api.w.org\/{rel}","templated":true}]}}