{"id":16296,"date":"2024-10-25T21:58:05","date_gmt":"2024-10-25T19:58:05","guid":{"rendered":"https:\/\/alpagrumi.ch\/raccolta-di-kiwai\/"},"modified":"2024-10-25T22:15:30","modified_gmt":"2024-10-25T20:15:30","slug":"raccolta-di-kiwai","status":"publish","type":"post","link":"https:\/\/alpagrumi.ch\/it\/raccolta-di-kiwai\/","title":{"rendered":"Raccolta dei Kiwai"},"content":{"rendered":"\n<p>I kiwa\u00ef (Actinidia arguta) fanno parte della famiglia dei kiwi (Actinidia deliciosa). Come per la maggior parte dei kiwi, di solito vengono piantati un maschio e diverse femmine per produrre frutti. <\/p>\n\n<figure class=\"wp-block-image size-large\"><img fetchpriority=\"high\" decoding=\"async\" width=\"768\" height=\"1024\" src=\"https:\/\/alpagrumi.ch\/wp-content\/uploads\/sites\/78\/2024\/10\/20241004_104353-768x1024.jpg\" alt=\"\" class=\"wp-image-16213\" srcset=\"https:\/\/alpagrumi.ch\/wp-content\/uploads\/sites\/78\/2024\/10\/20241004_104353-768x1024.jpg 768w, https:\/\/alpagrumi.ch\/wp-content\/uploads\/sites\/78\/2024\/10\/20241004_104353-225x300.jpg 225w, https:\/\/alpagrumi.ch\/wp-content\/uploads\/sites\/78\/2024\/10\/20241004_104353-1152x1536.jpg 1152w, https:\/\/alpagrumi.ch\/wp-content\/uploads\/sites\/78\/2024\/10\/20241004_104353-1536x2048.jpg 1536w, https:\/\/alpagrumi.ch\/wp-content\/uploads\/sites\/78\/2024\/10\/20241004_104353-1320x1760.jpg 1320w, https:\/\/alpagrumi.ch\/wp-content\/uploads\/sites\/78\/2024\/10\/20241004_104353-600x800.jpg 600w, https:\/\/alpagrumi.ch\/wp-content\/uploads\/sites\/78\/2024\/10\/20241004_104353-scaled.jpg 1920w\" sizes=\"(max-width: 768px) 100vw, 768px\" \/><figcaption class=\"wp-element-caption\">Nella parte superiore del nostro appezzamento, due femmine e un maschio impollinatore sono piantati sul bordo.  <\/figcaption><\/figure>\n<figure class=\"wp-block-image size-large\"><img decoding=\"async\" width=\"768\" height=\"1024\" src=\"https:\/\/alpagrumi.ch\/wp-content\/uploads\/sites\/78\/2024\/10\/20241004_104537-768x1024.jpg\" alt=\"\" class=\"wp-image-16217\" srcset=\"https:\/\/alpagrumi.ch\/wp-content\/uploads\/sites\/78\/2024\/10\/20241004_104537-768x1024.jpg 768w, https:\/\/alpagrumi.ch\/wp-content\/uploads\/sites\/78\/2024\/10\/20241004_104537-225x300.jpg 225w, https:\/\/alpagrumi.ch\/wp-content\/uploads\/sites\/78\/2024\/10\/20241004_104537-1152x1536.jpg 1152w, https:\/\/alpagrumi.ch\/wp-content\/uploads\/sites\/78\/2024\/10\/20241004_104537-1536x2048.jpg 1536w, https:\/\/alpagrumi.ch\/wp-content\/uploads\/sites\/78\/2024\/10\/20241004_104537-1320x1760.jpg 1320w, https:\/\/alpagrumi.ch\/wp-content\/uploads\/sites\/78\/2024\/10\/20241004_104537-600x800.jpg 600w, https:\/\/alpagrumi.ch\/wp-content\/uploads\/sites\/78\/2024\/10\/20241004_104537-scaled.jpg 1920w\" sizes=\"(max-width: 768px) 100vw, 768px\" \/><figcaption class=\"wp-element-caption\">\u00c8 una pianta rampicante con una crescita forte e caotica che a volte \u00e8 difficile da controllare. Queste piante sono state piantate 10 anni fa e non sono state quasi mai potate. <\/figcaption><\/figure>\n<figure class=\"wp-block-image size-large\"><img decoding=\"async\" width=\"768\" height=\"1024\" src=\"https:\/\/alpagrumi.ch\/wp-content\/uploads\/sites\/78\/2024\/10\/20241004_104552-768x1024.jpg\" alt=\"\" class=\"wp-image-16221\" srcset=\"https:\/\/alpagrumi.ch\/wp-content\/uploads\/sites\/78\/2024\/10\/20241004_104552-768x1024.jpg 768w, https:\/\/alpagrumi.ch\/wp-content\/uploads\/sites\/78\/2024\/10\/20241004_104552-225x300.jpg 225w, https:\/\/alpagrumi.ch\/wp-content\/uploads\/sites\/78\/2024\/10\/20241004_104552-1152x1536.jpg 1152w, https:\/\/alpagrumi.ch\/wp-content\/uploads\/sites\/78\/2024\/10\/20241004_104552-1536x2048.jpg 1536w, https:\/\/alpagrumi.ch\/wp-content\/uploads\/sites\/78\/2024\/10\/20241004_104552-1320x1760.jpg 1320w, https:\/\/alpagrumi.ch\/wp-content\/uploads\/sites\/78\/2024\/10\/20241004_104552-600x800.jpg 600w, https:\/\/alpagrumi.ch\/wp-content\/uploads\/sites\/78\/2024\/10\/20241004_104552-scaled.jpg 1920w\" sizes=\"(max-width: 768px) 100vw, 768px\" \/><figcaption class=\"wp-element-caption\">Le piante di Kiwai producono una grande quantit\u00e0 di frutti in ottobre, in modo abbastanza affidabile ogni anno e senza alcun fertilizzante speciale.<\/figcaption><\/figure>\n<figure class=\"wp-block-image size-large\"><img loading=\"lazy\" decoding=\"async\" width=\"768\" height=\"1024\" src=\"https:\/\/alpagrumi.ch\/wp-content\/uploads\/sites\/78\/2024\/10\/20241004_104639-768x1024.jpg\" alt=\"\" class=\"wp-image-16225\" srcset=\"https:\/\/alpagrumi.ch\/wp-content\/uploads\/sites\/78\/2024\/10\/20241004_104639-768x1024.jpg 768w, https:\/\/alpagrumi.ch\/wp-content\/uploads\/sites\/78\/2024\/10\/20241004_104639-225x300.jpg 225w, https:\/\/alpagrumi.ch\/wp-content\/uploads\/sites\/78\/2024\/10\/20241004_104639-1152x1536.jpg 1152w, https:\/\/alpagrumi.ch\/wp-content\/uploads\/sites\/78\/2024\/10\/20241004_104639-1536x2048.jpg 1536w, https:\/\/alpagrumi.ch\/wp-content\/uploads\/sites\/78\/2024\/10\/20241004_104639-1320x1760.jpg 1320w, https:\/\/alpagrumi.ch\/wp-content\/uploads\/sites\/78\/2024\/10\/20241004_104639-600x800.jpg 600w, https:\/\/alpagrumi.ch\/wp-content\/uploads\/sites\/78\/2024\/10\/20241004_104639-scaled.jpg 1920w\" sizes=\"(max-width: 768px) 100vw, 768px\" \/><figcaption class=\"wp-element-caption\">I frutti sono simili a piccoli kiwi senza peli, spesso in fitti grappoli.<\/figcaption><\/figure>\n<figure class=\"wp-block-image size-large\"><img loading=\"lazy\" decoding=\"async\" width=\"1024\" height=\"768\" src=\"https:\/\/alpagrumi.ch\/wp-content\/uploads\/sites\/78\/2024\/10\/20241004_104858-1024x768.jpg\" alt=\"\" class=\"wp-image-16229\" srcset=\"https:\/\/alpagrumi.ch\/wp-content\/uploads\/sites\/78\/2024\/10\/20241004_104858-1024x768.jpg 1024w, https:\/\/alpagrumi.ch\/wp-content\/uploads\/sites\/78\/2024\/10\/20241004_104858-300x225.jpg 300w, https:\/\/alpagrumi.ch\/wp-content\/uploads\/sites\/78\/2024\/10\/20241004_104858-768x576.jpg 768w, https:\/\/alpagrumi.ch\/wp-content\/uploads\/sites\/78\/2024\/10\/20241004_104858-1536x1152.jpg 1536w, https:\/\/alpagrumi.ch\/wp-content\/uploads\/sites\/78\/2024\/10\/20241004_104858-2048x1536.jpg 2048w, https:\/\/alpagrumi.ch\/wp-content\/uploads\/sites\/78\/2024\/10\/20241004_104858-1320x990.jpg 1320w, https:\/\/alpagrumi.ch\/wp-content\/uploads\/sites\/78\/2024\/10\/20241004_104858-600x450.jpg 600w\" sizes=\"(max-width: 1024px) 100vw, 1024px\" \/><figcaption class=\"wp-element-caption\">Si mangiano intere, con la pelle, dopo aver rimosso i pochi peli sulla punta.<\/figcaption><\/figure>\n<figure class=\"wp-block-image size-large\"><img loading=\"lazy\" decoding=\"async\" width=\"1024\" height=\"768\" src=\"https:\/\/alpagrumi.ch\/wp-content\/uploads\/sites\/78\/2024\/10\/20241004_104449-1024x768.jpg\" alt=\"\" class=\"wp-image-16233\" srcset=\"https:\/\/alpagrumi.ch\/wp-content\/uploads\/sites\/78\/2024\/10\/20241004_104449-1024x768.jpg 1024w, https:\/\/alpagrumi.ch\/wp-content\/uploads\/sites\/78\/2024\/10\/20241004_104449-300x225.jpg 300w, https:\/\/alpagrumi.ch\/wp-content\/uploads\/sites\/78\/2024\/10\/20241004_104449-768x576.jpg 768w, https:\/\/alpagrumi.ch\/wp-content\/uploads\/sites\/78\/2024\/10\/20241004_104449-1536x1152.jpg 1536w, https:\/\/alpagrumi.ch\/wp-content\/uploads\/sites\/78\/2024\/10\/20241004_104449-2048x1536.jpg 2048w, https:\/\/alpagrumi.ch\/wp-content\/uploads\/sites\/78\/2024\/10\/20241004_104449-1320x990.jpg 1320w, https:\/\/alpagrumi.ch\/wp-content\/uploads\/sites\/78\/2024\/10\/20241004_104449-600x450.jpg 600w\" sizes=\"(max-width: 1024px) 100vw, 1024px\" \/><figcaption class=\"wp-element-caption\">Per mangiarle direttamente dall&#8217;albero, devi scegliere i frutti maturi. \u00c8 molto difficile da vedere, non c&#8217;\u00e8 nessun cambiamento di colore. L&#8217;unico modo \u00e8 toccarli: se cedono un po&#8217; sotto le dita, il frutto \u00e8 maturo. Quelli duri non sono ancora commestibili.     <\/figcaption><\/figure>\n<figure class=\"wp-block-image size-large\"><img loading=\"lazy\" decoding=\"async\" width=\"768\" height=\"1024\" src=\"https:\/\/alpagrumi.ch\/wp-content\/uploads\/sites\/78\/2024\/10\/20241004_105109-768x1024.jpg\" alt=\"\" class=\"wp-image-16237\" srcset=\"https:\/\/alpagrumi.ch\/wp-content\/uploads\/sites\/78\/2024\/10\/20241004_105109-768x1024.jpg 768w, https:\/\/alpagrumi.ch\/wp-content\/uploads\/sites\/78\/2024\/10\/20241004_105109-225x300.jpg 225w, https:\/\/alpagrumi.ch\/wp-content\/uploads\/sites\/78\/2024\/10\/20241004_105109-1152x1536.jpg 1152w, https:\/\/alpagrumi.ch\/wp-content\/uploads\/sites\/78\/2024\/10\/20241004_105109-1536x2048.jpg 1536w, https:\/\/alpagrumi.ch\/wp-content\/uploads\/sites\/78\/2024\/10\/20241004_105109-1320x1760.jpg 1320w, https:\/\/alpagrumi.ch\/wp-content\/uploads\/sites\/78\/2024\/10\/20241004_105109-600x800.jpg 600w, https:\/\/alpagrumi.ch\/wp-content\/uploads\/sites\/78\/2024\/10\/20241004_105109-scaled.jpg 1920w\" sizes=\"(max-width: 768px) 100vw, 768px\" \/><figcaption class=\"wp-element-caption\">I kiwai maturano molto gradualmente sulla pianta, da met\u00e0 settembre a met\u00e0 ottobre per questa variet\u00e0 (Issai kiwai). \u00c8 necessario avere pazienza per selezionare solo le variet\u00e0 mature. <\/figcaption><\/figure>\n<figure class=\"wp-block-image size-large\"><img loading=\"lazy\" decoding=\"async\" width=\"1024\" height=\"768\" src=\"https:\/\/alpagrumi.ch\/wp-content\/uploads\/sites\/78\/2024\/10\/20241019_122013-1024x768.jpg\" alt=\"\" class=\"wp-image-16241\" srcset=\"https:\/\/alpagrumi.ch\/wp-content\/uploads\/sites\/78\/2024\/10\/20241019_122013-1024x768.jpg 1024w, https:\/\/alpagrumi.ch\/wp-content\/uploads\/sites\/78\/2024\/10\/20241019_122013-300x225.jpg 300w, https:\/\/alpagrumi.ch\/wp-content\/uploads\/sites\/78\/2024\/10\/20241019_122013-768x576.jpg 768w, https:\/\/alpagrumi.ch\/wp-content\/uploads\/sites\/78\/2024\/10\/20241019_122013-1536x1152.jpg 1536w, https:\/\/alpagrumi.ch\/wp-content\/uploads\/sites\/78\/2024\/10\/20241019_122013-2048x1536.jpg 2048w, https:\/\/alpagrumi.ch\/wp-content\/uploads\/sites\/78\/2024\/10\/20241019_122013-1320x990.jpg 1320w, https:\/\/alpagrumi.ch\/wp-content\/uploads\/sites\/78\/2024\/10\/20241019_122013-600x450.jpg 600w\" sizes=\"(max-width: 1024px) 100vw, 1024px\" \/><figcaption class=\"wp-element-caption\">Puoi anche raccoglierli quando sono ancora duri e lasciarli maturare in casa, ma in un luogo fresco. Anche in questo caso, \u00e8 necessario tastarle di tanto in tanto per capire se sono pronte da mangiare. Anche quelle pi\u00f9 dure si ammorbidiscono e diventano molto gustose dopo circa una settimana.  <\/figcaption><\/figure>\n<figure class=\"wp-block-image size-large\"><img loading=\"lazy\" decoding=\"async\" width=\"1024\" height=\"768\" src=\"https:\/\/alpagrumi.ch\/wp-content\/uploads\/sites\/78\/2024\/10\/20241019_122218-1024x768.jpg\" alt=\"\" class=\"wp-image-16245\" srcset=\"https:\/\/alpagrumi.ch\/wp-content\/uploads\/sites\/78\/2024\/10\/20241019_122218-1024x768.jpg 1024w, https:\/\/alpagrumi.ch\/wp-content\/uploads\/sites\/78\/2024\/10\/20241019_122218-300x225.jpg 300w, https:\/\/alpagrumi.ch\/wp-content\/uploads\/sites\/78\/2024\/10\/20241019_122218-768x576.jpg 768w, https:\/\/alpagrumi.ch\/wp-content\/uploads\/sites\/78\/2024\/10\/20241019_122218-1536x1152.jpg 1536w, https:\/\/alpagrumi.ch\/wp-content\/uploads\/sites\/78\/2024\/10\/20241019_122218-2048x1536.jpg 2048w, https:\/\/alpagrumi.ch\/wp-content\/uploads\/sites\/78\/2024\/10\/20241019_122218-1320x990.jpg 1320w, https:\/\/alpagrumi.ch\/wp-content\/uploads\/sites\/78\/2024\/10\/20241019_122218-600x450.jpg 600w\" sizes=\"(max-width: 1024px) 100vw, 1024px\" \/><figcaption class=\"wp-element-caption\">Il sapore del kiwi Issai \u00e8 straordinario. La polpa tenera \u00e8 simile a quella del kiwi, ma pi\u00f9 dolce e pi\u00f9 acida a seconda del grado di maturazione, con un gusto intenso nella buccia liscia che ricorda la liquirizia. <\/figcaption><\/figure>\n<figure class=\"wp-block-image size-large\"><img loading=\"lazy\" decoding=\"async\" width=\"1024\" height=\"768\" src=\"https:\/\/alpagrumi.ch\/wp-content\/uploads\/sites\/78\/2024\/10\/20241019_122308-1024x768.jpg\" alt=\"\" class=\"wp-image-16249\" srcset=\"https:\/\/alpagrumi.ch\/wp-content\/uploads\/sites\/78\/2024\/10\/20241019_122308-1024x768.jpg 1024w, https:\/\/alpagrumi.ch\/wp-content\/uploads\/sites\/78\/2024\/10\/20241019_122308-300x225.jpg 300w, https:\/\/alpagrumi.ch\/wp-content\/uploads\/sites\/78\/2024\/10\/20241019_122308-768x576.jpg 768w, https:\/\/alpagrumi.ch\/wp-content\/uploads\/sites\/78\/2024\/10\/20241019_122308-1536x1152.jpg 1536w, https:\/\/alpagrumi.ch\/wp-content\/uploads\/sites\/78\/2024\/10\/20241019_122308-2048x1536.jpg 2048w, https:\/\/alpagrumi.ch\/wp-content\/uploads\/sites\/78\/2024\/10\/20241019_122308-1320x990.jpg 1320w, https:\/\/alpagrumi.ch\/wp-content\/uploads\/sites\/78\/2024\/10\/20241019_122308-600x450.jpg 600w\" sizes=\"(max-width: 1024px) 100vw, 1024px\" \/><figcaption class=\"wp-element-caption\">Possono essere consumate fresche o congelate, dopo aver tagliato le due estremit\u00e0: gambo e capelli.  <br\/>Tuttavia, secondo la nostra esperienza, non sono molto adatti all&#8217;essiccazione, perch\u00e9 sono troppo piccoli e i semi diventano fastidiosi.<\/figcaption><\/figure>\n<figure class=\"wp-block-image size-large\"><img loading=\"lazy\" decoding=\"async\" width=\"1024\" height=\"768\" src=\"https:\/\/alpagrumi.ch\/wp-content\/uploads\/sites\/78\/2024\/10\/20241019_122548-1024x768.jpg\" alt=\"\" class=\"wp-image-16253\" srcset=\"https:\/\/alpagrumi.ch\/wp-content\/uploads\/sites\/78\/2024\/10\/20241019_122548-1024x768.jpg 1024w, https:\/\/alpagrumi.ch\/wp-content\/uploads\/sites\/78\/2024\/10\/20241019_122548-300x225.jpg 300w, https:\/\/alpagrumi.ch\/wp-content\/uploads\/sites\/78\/2024\/10\/20241019_122548-768x576.jpg 768w, https:\/\/alpagrumi.ch\/wp-content\/uploads\/sites\/78\/2024\/10\/20241019_122548-1536x1152.jpg 1536w, https:\/\/alpagrumi.ch\/wp-content\/uploads\/sites\/78\/2024\/10\/20241019_122548-2048x1536.jpg 2048w, https:\/\/alpagrumi.ch\/wp-content\/uploads\/sites\/78\/2024\/10\/20241019_122548-1320x990.jpg 1320w, https:\/\/alpagrumi.ch\/wp-content\/uploads\/sites\/78\/2024\/10\/20241019_122548-600x450.jpg 600w\" sizes=\"(max-width: 1024px) 100vw, 1024px\" \/><figcaption class=\"wp-element-caption\">Esistono molte variet\u00e0 di kiwai, ognuna con un proprio impollinatore. In questa siepe ci sono 4 femmine e un maschio, le variet\u00e0 Jumbo e Jumbo Red. <\/figcaption><\/figure>\n<figure class=\"wp-block-image size-large\"><img loading=\"lazy\" decoding=\"async\" width=\"1024\" height=\"768\" src=\"https:\/\/alpagrumi.ch\/wp-content\/uploads\/sites\/78\/2024\/10\/20241019_122649-1024x768.jpg\" alt=\"\" class=\"wp-image-16257\" srcset=\"https:\/\/alpagrumi.ch\/wp-content\/uploads\/sites\/78\/2024\/10\/20241019_122649-1024x768.jpg 1024w, https:\/\/alpagrumi.ch\/wp-content\/uploads\/sites\/78\/2024\/10\/20241019_122649-300x225.jpg 300w, https:\/\/alpagrumi.ch\/wp-content\/uploads\/sites\/78\/2024\/10\/20241019_122649-768x576.jpg 768w, https:\/\/alpagrumi.ch\/wp-content\/uploads\/sites\/78\/2024\/10\/20241019_122649-1536x1152.jpg 1536w, https:\/\/alpagrumi.ch\/wp-content\/uploads\/sites\/78\/2024\/10\/20241019_122649-2048x1536.jpg 2048w, https:\/\/alpagrumi.ch\/wp-content\/uploads\/sites\/78\/2024\/10\/20241019_122649-1320x990.jpg 1320w, https:\/\/alpagrumi.ch\/wp-content\/uploads\/sites\/78\/2024\/10\/20241019_122649-600x450.jpg 600w\" sizes=\"(max-width: 1024px) 100vw, 1024px\" \/><figcaption class=\"wp-element-caption\">Sono state piantate 4 anni fa e sono gi\u00e0 cresciute bene, ma stanno iniziando a dare qualche frutto.<\/figcaption><\/figure>\n<figure class=\"wp-block-image size-large\"><img loading=\"lazy\" decoding=\"async\" width=\"768\" height=\"1024\" src=\"https:\/\/alpagrumi.ch\/wp-content\/uploads\/sites\/78\/2024\/10\/20241019_122831-768x1024.jpg\" alt=\"\" class=\"wp-image-16261\" srcset=\"https:\/\/alpagrumi.ch\/wp-content\/uploads\/sites\/78\/2024\/10\/20241019_122831-768x1024.jpg 768w, https:\/\/alpagrumi.ch\/wp-content\/uploads\/sites\/78\/2024\/10\/20241019_122831-225x300.jpg 225w, https:\/\/alpagrumi.ch\/wp-content\/uploads\/sites\/78\/2024\/10\/20241019_122831-1152x1536.jpg 1152w, https:\/\/alpagrumi.ch\/wp-content\/uploads\/sites\/78\/2024\/10\/20241019_122831-1536x2048.jpg 1536w, https:\/\/alpagrumi.ch\/wp-content\/uploads\/sites\/78\/2024\/10\/20241019_122831-1320x1760.jpg 1320w, https:\/\/alpagrumi.ch\/wp-content\/uploads\/sites\/78\/2024\/10\/20241019_122831-600x800.jpg 600w, https:\/\/alpagrumi.ch\/wp-content\/uploads\/sites\/78\/2024\/10\/20241019_122831-scaled.jpg 1920w\" sizes=\"(max-width: 768px) 100vw, 768px\" \/><figcaption class=\"wp-element-caption\">I kiwais jumbo arrivano un po&#8217; pi\u00f9 tardi, verso la met\u00e0 di ottobre.<\/figcaption><\/figure>\n<figure class=\"wp-block-image size-large\"><img loading=\"lazy\" decoding=\"async\" width=\"768\" height=\"1024\" src=\"https:\/\/alpagrumi.ch\/wp-content\/uploads\/sites\/78\/2024\/10\/20241019_123035-768x1024.jpg\" alt=\"\" class=\"wp-image-16265\" srcset=\"https:\/\/alpagrumi.ch\/wp-content\/uploads\/sites\/78\/2024\/10\/20241019_123035-768x1024.jpg 768w, https:\/\/alpagrumi.ch\/wp-content\/uploads\/sites\/78\/2024\/10\/20241019_123035-225x300.jpg 225w, https:\/\/alpagrumi.ch\/wp-content\/uploads\/sites\/78\/2024\/10\/20241019_123035-1152x1536.jpg 1152w, https:\/\/alpagrumi.ch\/wp-content\/uploads\/sites\/78\/2024\/10\/20241019_123035-1536x2048.jpg 1536w, https:\/\/alpagrumi.ch\/wp-content\/uploads\/sites\/78\/2024\/10\/20241019_123035-1320x1760.jpg 1320w, https:\/\/alpagrumi.ch\/wp-content\/uploads\/sites\/78\/2024\/10\/20241019_123035-600x800.jpg 600w, https:\/\/alpagrumi.ch\/wp-content\/uploads\/sites\/78\/2024\/10\/20241019_123035-scaled.jpg 1920w\" sizes=\"(max-width: 768px) 100vw, 768px\" \/><figcaption class=\"wp-element-caption\">Sembrano mini mele, ma il loro sapore di kiwi \u00e8 molto intenso.  <\/figcaption><\/figure>\n<figure class=\"wp-block-image size-large\"><img loading=\"lazy\" decoding=\"async\" width=\"1024\" height=\"768\" src=\"https:\/\/alpagrumi.ch\/wp-content\/uploads\/sites\/78\/2024\/10\/20241019_123441-1024x768.jpg\" alt=\"\" class=\"wp-image-16269\" srcset=\"https:\/\/alpagrumi.ch\/wp-content\/uploads\/sites\/78\/2024\/10\/20241019_123441-1024x768.jpg 1024w, https:\/\/alpagrumi.ch\/wp-content\/uploads\/sites\/78\/2024\/10\/20241019_123441-300x225.jpg 300w, https:\/\/alpagrumi.ch\/wp-content\/uploads\/sites\/78\/2024\/10\/20241019_123441-768x576.jpg 768w, https:\/\/alpagrumi.ch\/wp-content\/uploads\/sites\/78\/2024\/10\/20241019_123441-1536x1152.jpg 1536w, https:\/\/alpagrumi.ch\/wp-content\/uploads\/sites\/78\/2024\/10\/20241019_123441-2048x1536.jpg 2048w, https:\/\/alpagrumi.ch\/wp-content\/uploads\/sites\/78\/2024\/10\/20241019_123441-1320x990.jpg 1320w, https:\/\/alpagrumi.ch\/wp-content\/uploads\/sites\/78\/2024\/10\/20241019_123441-600x450.jpg 600w\" sizes=\"(max-width: 1024px) 100vw, 1024px\" \/><figcaption class=\"wp-element-caption\">La buccia \u00e8 leggermente tinta di rosso, la polpa \u00e8 molto verde e il sapore \u00e8 eccellente.<\/figcaption><\/figure>\n<figure class=\"wp-block-image size-large\"><img loading=\"lazy\" decoding=\"async\" width=\"1024\" height=\"768\" src=\"https:\/\/alpagrumi.ch\/wp-content\/uploads\/sites\/78\/2024\/10\/20241019_125705-1024x768.jpg\" alt=\"\" class=\"wp-image-16273\" srcset=\"https:\/\/alpagrumi.ch\/wp-content\/uploads\/sites\/78\/2024\/10\/20241019_125705-1024x768.jpg 1024w, https:\/\/alpagrumi.ch\/wp-content\/uploads\/sites\/78\/2024\/10\/20241019_125705-300x225.jpg 300w, https:\/\/alpagrumi.ch\/wp-content\/uploads\/sites\/78\/2024\/10\/20241019_125705-768x576.jpg 768w, https:\/\/alpagrumi.ch\/wp-content\/uploads\/sites\/78\/2024\/10\/20241019_125705-1536x1152.jpg 1536w, https:\/\/alpagrumi.ch\/wp-content\/uploads\/sites\/78\/2024\/10\/20241019_125705-2048x1536.jpg 2048w, https:\/\/alpagrumi.ch\/wp-content\/uploads\/sites\/78\/2024\/10\/20241019_125705-1320x990.jpg 1320w, https:\/\/alpagrumi.ch\/wp-content\/uploads\/sites\/78\/2024\/10\/20241019_125705-600x450.jpg 600w\" sizes=\"(max-width: 1024px) 100vw, 1024px\" \/><figcaption class=\"wp-element-caption\">Kiwai Issai a sinistra, Kiwai Jumbo a destra.<\/figcaption><\/figure>\n<figure class=\"wp-block-image size-large\"><img loading=\"lazy\" decoding=\"async\" width=\"768\" height=\"1024\" src=\"https:\/\/alpagrumi.ch\/wp-content\/uploads\/sites\/78\/2024\/10\/20241005_130515-768x1024.jpg\" alt=\"\" class=\"wp-image-16277\" srcset=\"https:\/\/alpagrumi.ch\/wp-content\/uploads\/sites\/78\/2024\/10\/20241005_130515-768x1024.jpg 768w, https:\/\/alpagrumi.ch\/wp-content\/uploads\/sites\/78\/2024\/10\/20241005_130515-225x300.jpg 225w, https:\/\/alpagrumi.ch\/wp-content\/uploads\/sites\/78\/2024\/10\/20241005_130515-1152x1536.jpg 1152w, https:\/\/alpagrumi.ch\/wp-content\/uploads\/sites\/78\/2024\/10\/20241005_130515-1536x2048.jpg 1536w, https:\/\/alpagrumi.ch\/wp-content\/uploads\/sites\/78\/2024\/10\/20241005_130515-1320x1760.jpg 1320w, https:\/\/alpagrumi.ch\/wp-content\/uploads\/sites\/78\/2024\/10\/20241005_130515-600x800.jpg 600w, https:\/\/alpagrumi.ch\/wp-content\/uploads\/sites\/78\/2024\/10\/20241005_130515-scaled.jpg 1920w\" sizes=\"(max-width: 768px) 100vw, 768px\" \/><figcaption class=\"wp-element-caption\">Le guaiave Feijoa (Acca sellowiana) vengono raccolte nello stesso periodo.<\/figcaption><\/figure>\n<figure class=\"wp-block-image size-large\"><img loading=\"lazy\" decoding=\"async\" width=\"768\" height=\"1024\" src=\"https:\/\/alpagrumi.ch\/wp-content\/uploads\/sites\/78\/2024\/10\/20241005_130358-768x1024.jpg\" alt=\"\" class=\"wp-image-16281\" srcset=\"https:\/\/alpagrumi.ch\/wp-content\/uploads\/sites\/78\/2024\/10\/20241005_130358-768x1024.jpg 768w, https:\/\/alpagrumi.ch\/wp-content\/uploads\/sites\/78\/2024\/10\/20241005_130358-225x300.jpg 225w, https:\/\/alpagrumi.ch\/wp-content\/uploads\/sites\/78\/2024\/10\/20241005_130358-1152x1536.jpg 1152w, https:\/\/alpagrumi.ch\/wp-content\/uploads\/sites\/78\/2024\/10\/20241005_130358-1536x2048.jpg 1536w, https:\/\/alpagrumi.ch\/wp-content\/uploads\/sites\/78\/2024\/10\/20241005_130358-1320x1760.jpg 1320w, https:\/\/alpagrumi.ch\/wp-content\/uploads\/sites\/78\/2024\/10\/20241005_130358-600x800.jpg 600w, https:\/\/alpagrumi.ch\/wp-content\/uploads\/sites\/78\/2024\/10\/20241005_130358-scaled.jpg 1920w\" sizes=\"(max-width: 768px) 100vw, 768px\" \/><figcaption class=\"wp-element-caption\">Gli alberi innestati piantati tre anni fa stanno iniziando a produrre.  <br\/>Producono frutti pi\u00f9 grandi e molto chiari. Questa \u00e8 la variet\u00e0 &#8220;Unique&#8221;. <\/figcaption><\/figure>\n<figure class=\"wp-block-image size-large\"><img loading=\"lazy\" decoding=\"async\" width=\"1024\" height=\"768\" src=\"https:\/\/alpagrumi.ch\/wp-content\/uploads\/sites\/78\/2024\/10\/20241005_131403-1024x768.jpg\" alt=\"\" class=\"wp-image-16285\" srcset=\"https:\/\/alpagrumi.ch\/wp-content\/uploads\/sites\/78\/2024\/10\/20241005_131403-1024x768.jpg 1024w, https:\/\/alpagrumi.ch\/wp-content\/uploads\/sites\/78\/2024\/10\/20241005_131403-300x225.jpg 300w, https:\/\/alpagrumi.ch\/wp-content\/uploads\/sites\/78\/2024\/10\/20241005_131403-768x576.jpg 768w, https:\/\/alpagrumi.ch\/wp-content\/uploads\/sites\/78\/2024\/10\/20241005_131403-1536x1152.jpg 1536w, https:\/\/alpagrumi.ch\/wp-content\/uploads\/sites\/78\/2024\/10\/20241005_131403-2048x1536.jpg 2048w, https:\/\/alpagrumi.ch\/wp-content\/uploads\/sites\/78\/2024\/10\/20241005_131403-1320x990.jpg 1320w, https:\/\/alpagrumi.ch\/wp-content\/uploads\/sites\/78\/2024\/10\/20241005_131403-600x450.jpg 600w\" sizes=\"(max-width: 1024px) 100vw, 1024px\" \/><figcaption class=\"wp-element-caption\">Anche i mandarini sono prossimi alla raccolta. Presto ne parleremo. <\/figcaption><\/figure>\n<p><\/p>\n","protected":false},"excerpt":{"rendered":"<p>I kiwa\u00ef (Actinidia arguta) fanno parte della famiglia dei kiwi (Actinidia deliciosa). Come per la maggior parte dei kiwi, di solito vengono piantati un maschio e diverse femmine per produrre frutti.<\/p>\n","protected":false},"author":3213,"featured_media":16293,"comment_status":"closed","ping_status":"open","sticky":false,"template":"","format":"standard","meta":{"_seopress_robots_primary_cat":"","_seopress_titles_title":"","_seopress_titles_desc":"","_seopress_robots_index":"","footnotes":""},"categories":[64],"tags":[],"class_list":["post-16296","post","type-post","status-publish","format-standard","has-post-thumbnail","hentry","category-notizie"],"_links":{"self":[{"href":"https:\/\/alpagrumi.ch\/it\/wp-json\/wp\/v2\/posts\/16296","targetHints":{"allow":["GET"]}}],"collection":[{"href":"https:\/\/alpagrumi.ch\/it\/wp-json\/wp\/v2\/posts"}],"about":[{"href":"https:\/\/alpagrumi.ch\/it\/wp-json\/wp\/v2\/types\/post"}],"author":[{"embeddable":true,"href":"https:\/\/alpagrumi.ch\/it\/wp-json\/wp\/v2\/users\/3213"}],"replies":[{"embeddable":true,"href":"https:\/\/alpagrumi.ch\/it\/wp-json\/wp\/v2\/comments?post=16296"}],"version-history":[{"count":0,"href":"https:\/\/alpagrumi.ch\/it\/wp-json\/wp\/v2\/posts\/16296\/revisions"}],"wp:featuredmedia":[{"embeddable":true,"href":"https:\/\/alpagrumi.ch\/it\/wp-json\/wp\/v2\/media\/16293"}],"wp:attachment":[{"href":"https:\/\/alpagrumi.ch\/it\/wp-json\/wp\/v2\/media?parent=16296"}],"wp:term":[{"taxonomy":"category","embeddable":true,"href":"https:\/\/alpagrumi.ch\/it\/wp-json\/wp\/v2\/categories?post=16296"},{"taxonomy":"post_tag","embeddable":true,"href":"https:\/\/alpagrumi.ch\/it\/wp-json\/wp\/v2\/tags?post=16296"}],"curies":[{"name":"wp","href":"https:\/\/api.w.org\/{rel}","templated":true}]}}